{"id":1391,"date":"2021-11-29T15:01:26","date_gmt":"2021-11-29T14:01:26","guid":{"rendered":"https:\/\/sv-niederbexbach.de\/backline\/?p=1391"},"modified":"2021-11-29T15:01:26","modified_gmt":"2021-11-29T14:01:26","slug":"sportarena-lichtburg-unterstuetzt-die-aktion-kerwe-trikots","status":"publish","type":"post","link":"https:\/\/sv-niederbexbach.de\/backline\/2021\/11\/29\/sportarena-lichtburg-unterstuetzt-die-aktion-kerwe-trikots\/","title":{"rendered":"Sportarena Lichtburg unterst\u00fctzt die Aktion \u201eKerwe-Trikots\u201c"},"content":{"rendered":"\n<p>Zur diesj\u00e4hrigen Kerb und den Kerwespielen der beiden aktiven Mannschaften initiierte der F\u00f6rderverein des SV Niederbexbach eine \u201eTrikot-Aktion\u201c. Die Idee war ein eigens f\u00fcr die Kerb gestaltetes Fu\u00dfballtrikot, welches auch von den Fans erworben werden konnte. Betreuer Michael Frantz organisierte die Trikots, Steffen Schindler von der Sportarena Lichtburg aus Bexbach k\u00fcmmerte sich um die Beflockung der orangenen Hemden. Letzte Woche Mittwoch \u00fcbergab Schindler symbolisch eines der bedruckten Shirts an den Kapit\u00e4n der 1. Mannschaft, Daniel K\u00fcster. Auch mit dabei waren der 1. Vorsitzende Ulrich Burbes sowie Betreuer Michael Frantz. Steffen Schindler \u00fcberbrachte zudem die freudige Nachricht, dass er den Gro\u00dfteil der Kosten f\u00fcr die Beflockung f\u00fcr den SVN \u00fcbernehmen werde. Die Verantwortlichen des SV Niederbexbach zeigten sich sehr erfreut und bedankten sich vielmals f\u00fcr das Sponsoring und die Partnerschaft mit der Sportarena Lichtburg, was in diesen Zeiten nicht als selbstverst\u00e4ndlich angesehen werden kann.<\/p>\n\n\n\n<figure class=\"wp-block-image size-large is-resized is-style-default\"><img loading=\"lazy\" decoding=\"async\" src=\"https:\/\/sv-niederbexbach.de\/backline\/wp-content\/uploads\/2021\/11\/20211124_194542-920x424.jpg\" alt=\"\" class=\"wp-image-1392\" width=\"705\" height=\"325\" srcset=\"https:\/\/sv-niederbexbach.de\/backline\/wp-content\/uploads\/2021\/11\/20211124_194542-920x424.jpg 920w, https:\/\/sv-niederbexbach.de\/backline\/wp-content\/uploads\/2021\/11\/20211124_194542-300x138.jpg 300w, https:\/\/sv-niederbexbach.de\/backline\/wp-content\/uploads\/2021\/11\/20211124_194542-768x354.jpg 768w, https:\/\/sv-niederbexbach.de\/backline\/wp-content\/uploads\/2021\/11\/20211124_194542-1536x709.jpg 1536w, https:\/\/sv-niederbexbach.de\/backline\/wp-content\/uploads\/2021\/11\/20211124_194542-2048x945.jpg 2048w, https:\/\/sv-niederbexbach.de\/backline\/wp-content\/uploads\/2021\/11\/20211124_194542-1200x554.jpg 1200w\" sizes=\"auto, (max-width: 709px) 85vw, (max-width: 909px) 67vw, (max-width: 984px) 61vw, (max-width: 1362px) 45vw, 600px\" \/><figcaption><strong><em><sub>Steffen \u201eSchinge\u201c Schindler (li.) \u00fcbergab in der vorigen Woche des Kerwe-Trikot an Kapit\u00e4n Daniel K\u00fcster (Zweiter v. li.). Ebenfalls mit dabei waren der 1. Vorsitzende Uli Burbes (Zweiter v. rechts) sowie Betreuer und Organisator Michael Frantz (re<\/sub>.<sub>). Bild: Florian H\u00fcther<\/sub><\/em><\/strong><\/figcaption><\/figure>\n\n\n\n<p><\/p>\n","protected":false},"excerpt":{"rendered":"<p>Zur diesj\u00e4hrigen Kerb und den Kerwespielen der beiden aktiven Mannschaften initiierte der F\u00f6rderverein des SV Niederbexbach eine \u201eTrikot-Aktion\u201c. Die Idee war ein eigens f\u00fcr die Kerb gestaltetes Fu\u00dfballtrikot, welches auch von den Fans erworben werden konnte. Betreuer Michael Frantz organisierte die Trikots, Steffen Schindler von der Sportarena Lichtburg aus Bexbach k\u00fcmmerte sich um die Beflockung &hellip; <a href=\"https:\/\/sv-niederbexbach.de\/backline\/2021\/11\/29\/sportarena-lichtburg-unterstuetzt-die-aktion-kerwe-trikots\/\" class=\"more-link\"><span class=\"screen-reader-text\">\u201eSportarena Lichtburg unterst\u00fctzt die Aktion \u201eKerwe-Trikots\u201c\u201c<\/span> weiterlesen<\/a><\/p>\n","protected":false},"author":3,"featured_media":0,"comment_status":"open","ping_status":"open","sticky":false,"template":"","format":"standard","meta":{"footnotes":""},"categories":[1],"tags":[],"class_list":["post-1391","post","type-post","status-publish","format-standard","hentry","category-allgemein"],"_links":{"self":[{"href":"https:\/\/sv-niederbexbach.de\/backline\/wp-json\/wp\/v2\/posts\/1391","targetHints":{"allow":["GET"]}}],"collection":[{"href":"https:\/\/sv-niederbexbach.de\/backline\/wp-json\/wp\/v2\/posts"}],"about":[{"href":"https:\/\/sv-niederbexbach.de\/backline\/wp-json\/wp\/v2\/types\/post"}],"author":[{"embeddable":true,"href":"https:\/\/sv-niederbexbach.de\/backline\/wp-json\/wp\/v2\/users\/3"}],"replies":[{"embeddable":true,"href":"https:\/\/sv-niederbexbach.de\/backline\/wp-json\/wp\/v2\/comments?post=1391"}],"version-history":[{"count":1,"href":"https:\/\/sv-niederbexbach.de\/backline\/wp-json\/wp\/v2\/posts\/1391\/revisions"}],"predecessor-version":[{"id":1393,"href":"https:\/\/sv-niederbexbach.de\/backline\/wp-json\/wp\/v2\/posts\/1391\/revisions\/1393"}],"wp:attachment":[{"href":"https:\/\/sv-niederbexbach.de\/backline\/wp-json\/wp\/v2\/media?parent=1391"}],"wp:term":[{"taxonomy":"category","embeddable":true,"href":"https:\/\/sv-niederbexbach.de\/backline\/wp-json\/wp\/v2\/categories?post=1391"},{"taxonomy":"post_tag","embeddable":true,"href":"https:\/\/sv-niederbexbach.de\/backline\/wp-json\/wp\/v2\/tags?post=1391"}],"curies":[{"name":"wp","href":"https:\/\/api.w.org\/{rel}","templated":true}]}}