{"id":1594,"date":"2022-05-30T10:29:43","date_gmt":"2022-05-30T08:29:43","guid":{"rendered":"https:\/\/sv-niederbexbach.de\/backline\/?p=1594"},"modified":"2022-05-30T16:10:51","modified_gmt":"2022-05-30T14:10:51","slug":"es-ist-geschafft-2-mannschaft-des-svn-holt-die-schale","status":"publish","type":"post","link":"https:\/\/sv-niederbexbach.de\/backline\/2022\/05\/30\/es-ist-geschafft-2-mannschaft-des-svn-holt-die-schale\/","title":{"rendered":"Es ist geschafft! 2. Mannschaft des SVN holt die Schale!"},"content":{"rendered":"\n<figure class=\"wp-block-image size-large is-resized is-style-default\"><img loading=\"lazy\" decoding=\"async\" src=\"https:\/\/sv-niederbexbach.de\/backline\/wp-content\/uploads\/2022\/05\/20220529_150815-643x1024.jpg\" alt=\"\" class=\"wp-image-1596\" width=\"489\" height=\"779\" srcset=\"https:\/\/sv-niederbexbach.de\/backline\/wp-content\/uploads\/2022\/05\/20220529_150815-643x1024.jpg 643w, https:\/\/sv-niederbexbach.de\/backline\/wp-content\/uploads\/2022\/05\/20220529_150815-188x300.jpg 188w, https:\/\/sv-niederbexbach.de\/backline\/wp-content\/uploads\/2022\/05\/20220529_150815-768x1223.jpg 768w, https:\/\/sv-niederbexbach.de\/backline\/wp-content\/uploads\/2022\/05\/20220529_150815-964x1536.jpg 964w, https:\/\/sv-niederbexbach.de\/backline\/wp-content\/uploads\/2022\/05\/20220529_150815-1286x2048.jpg 1286w, https:\/\/sv-niederbexbach.de\/backline\/wp-content\/uploads\/2022\/05\/20220529_150815-1200x1911.jpg 1200w, https:\/\/sv-niederbexbach.de\/backline\/wp-content\/uploads\/2022\/05\/20220529_150815-scaled.jpg 1607w\" sizes=\"auto, (max-width: 489px) 85vw, 489px\" \/><figcaption><br><strong><sup>Kapit\u00e4n Rouven Selzer pr\u00e4sentiert nach dem Spiel sichtlich stolz die Meisterschale der Kreisliga B Homburg. Fotos: Florian H\u00fcther<\/sup><\/strong><\/figcaption><\/figure>\n\n\n\n<p>Als Pascal Krau\u00df am Sonntag seinen zweiten Treffer gegen die SG Ommersheim-Erfweiler\/Ehlingen 2 erzielte, brachen auf dem Rasenplatz alle D\u00e4mme. Denn damit war klar, dass der SV Niederbexbach nach vielen Jahren wieder eine Meisterschaft feiern konnte. Genauer gesagt die Meisterschaft in der Kreisliga B Homburg \u2013 die Liga der Reservemannschaften der Bezirksliga Homburg. Kurz darauf gab es die Schale f\u00fcr die Jungs. W\u00e4hrend dem Spiel der Ersten wurden schon etliche Ges\u00e4nge angestimmt und die trockenen Kehlen befeuchtet. Nach der R\u00fcckfahrt mit dem eigens organisierten Bus, feierten die Spieler ihren Triumph noch am Sportplatz. Zuvor war es ein Spiel zweier Teams, die sich zurecht in der vorderen Tabellenposition befanden. Das Niveau war hoch, es war ein ausgeglichenes Spiel mit Chancen auf beiden Seiten. Die erste hatte Dennis Collissy mit einem Flachschuss, die Gastgeber im Gegenzug durch Max Lohmann (7.). Danach war der SVN der F\u00fchrung etwas n\u00e4her. Victor Bialecki (15., 21.) fehlte im Abschluss etwas die Pr\u00e4zision, Dennis Collissy scheiterte nach starker Vorarbeit von Bialecki an der Latte (22.). Doch auch die SG war stets gef\u00e4hrlich und w\u00e4re durch einen Distanzschuss von Simon Bieg fast mit 1:0 in F\u00fchrung gegangen. Keeper J\u00fcrgen Skornjakov konnte stark parieren (25.). Nach einem individuellen Fehler von Kapit\u00e4n Rouven Selzer knallte der Ball des Ommersheimer St\u00fcrmers gegen die Latte. Zur Pause also ein gerechtes Unentschieden. Im zweiten Abschnitt ging es weiter wie zuvor. Durch den eingewechselten Pascal Krau\u00df wurde unser Offensivspiel aber deutlich belebt. Nach starker Vorarbeit von Bialecki konnte Pascal Krau\u00df das 0:1 erzielen (60.). In den letzten 20 Minuten gingen einige Spieler des SVN auf der letzten Rille, man verteidigte jedoch mit viel Kampf und Moral. In der 71. Minute musste man jedoch den verdienten Ausgleich hinnehmen. Nach einem Standard kl\u00e4rte Waldemar Bauser im Get\u00fcmmel vermeintlich mit der Hand \u2013 ein Pfiff blieb jedoch aus. Sekunden sp\u00e4ter traf Ramirez Escobar flach und unhaltbar zum 1:1. Mit diesem Ergebnis h\u00e4tte man am letzten Spieltag die Meisterschaft auch aus eigener Kraft erreichen k\u00f6nnen. Die Jungs wollten aber den Sieg in Ommersheim holen. Durch einen Konter fiel dann die endg\u00fcltige Entscheidung. Sinisa Popadic machte sich auf der rechten Seite auf den Weg, passte flach nach innen, wo Krau\u00df nur noch einschieben musste (88.). In der etwas zu hoch bemessenen Nachspielzeit (8 Minuten!), hatte Sebastian Halter per Kopf noch die Chance zum 1:3 (90.+2). Auch die SG h\u00e4tte noch ausgleichen k\u00f6nnen, Skornjakov machte sich aber vor dem Tor breit, so dass der Ball knapp am Pfosten vorbeitrudelte. Im Anschluss war der Jubel gro\u00df und die Schale wurde an den Kapit\u00e4n Rouven Selzer \u00fcbergeben. <\/p>\n\n\n\n<p><strong>Herzlichen Gl\u00fcckwunsch an unsere gesamte zweite Mannschaft zu diesem Triumph! Danke auch an unsere AH, die immer wieder mit Spielern aushelfen konnte. Ohne euch w\u00e4re dieser Erfolg oftmals auch nicht m\u00f6glich.<\/strong> <\/p>\n\n\n\n<figure class=\"wp-block-image size-large is-style-default\"><img loading=\"lazy\" decoding=\"async\" width=\"920\" height=\"690\" src=\"https:\/\/sv-niederbexbach.de\/backline\/wp-content\/uploads\/2022\/05\/20220529_160015-920x690.jpg\" alt=\"\" class=\"wp-image-1595\" srcset=\"https:\/\/sv-niederbexbach.de\/backline\/wp-content\/uploads\/2022\/05\/20220529_160015-920x690.jpg 920w, https:\/\/sv-niederbexbach.de\/backline\/wp-content\/uploads\/2022\/05\/20220529_160015-300x225.jpg 300w, https:\/\/sv-niederbexbach.de\/backline\/wp-content\/uploads\/2022\/05\/20220529_160015-768x576.jpg 768w, https:\/\/sv-niederbexbach.de\/backline\/wp-content\/uploads\/2022\/05\/20220529_160015-1536x1152.jpg 1536w, https:\/\/sv-niederbexbach.de\/backline\/wp-content\/uploads\/2022\/05\/20220529_160015-2048x1536.jpg 2048w, https:\/\/sv-niederbexbach.de\/backline\/wp-content\/uploads\/2022\/05\/20220529_160015-1200x900.jpg 1200w\" sizes=\"auto, (max-width: 709px) 85vw, (max-width: 909px) 67vw, (max-width: 1362px) 62vw, 840px\" \/><figcaption><br><strong><sup>Die Meistermannschaft mit der Schale: obere Reihe von links: Betreuer Udo Schnur, Dennis Collissy, Leon Frantz, Sinisa Popadic, Tobias Andes, Rouven Selzer, Victor Bialecki, Sebastian Halter, Andreas Ruffing, Thorsten Will, Waldemar Bauser, Spielausschuss und Betreuer Michael Frantz. Untere Reihe von links: Mark Schmid, Pascal Krau\u00df, Pascal Staats, J\u00fcrgen Skornjakov, Fatjon Hoxha, Andreas Wittling, Pascal Backes.<\/sup><\/strong><\/figcaption><\/figure>\n\n\n\n<p>Die Berichterstattung der ersten Mannschaft f\u00e4llt an dieser Stelle auf Grund der Meisterschaft der Zweiten etwas k\u00fcrzer aus. Der SVN musste sich nach 90 Minuten mit 4:2 geschlagen geben. Leider muss man momentan 5-6 Stammspieler ersetzen. Bei besserer Chancenverwertung w\u00e4re in dieser Partie jedoch mehr drin gewesen. Die beiden Tore erzielte Marc Rohde. <\/p>\n\n\n\n<p><strong>Am kommenden Pfingstsonntag steht das letzte Saisonspiel auf dem Programm. Gegner in der RTE-Arena ist der ASV Kleinottweiler. Die Erste beginnt um 15 Uhr, die Zweite um 13.15 Uhr. Im Anschluss l\u00e4dt der SVN alle Spieler, Schiedsrichter, Mitglieder, Ehrenmitglieder, Sponsoren, Freunde und G\u00f6nner zum Saisonabschluss ein. Es gibt frisch Gegrilltes und Freibier. Zudem feiern wir die Meisterschaft der zweiten Mannschaft noch etwas nach.<\/strong> <\/p>\n\n\n\n<p>Die F-Jugend spielte am Samstag in Bildstock gegen SV Kirkel 0:0, verlor gegen SpVgg Ein\u00f6d-Ingweiler 0:4, gegen die SG Erbach II 0:5 und gegen SC Blieskastel\/Lautzkirchen II 0:2. Am Samstag spielt unsere AH um 18 Uhr ausw\u00e4rts beim SV Bruchhof-Sanddorf.<\/p>\n\n\n\n<figure class=\"wp-block-image size-full is-resized is-style-default\"><img loading=\"lazy\" decoding=\"async\" src=\"https:\/\/sv-niederbexbach.de\/backline\/wp-content\/uploads\/2022\/05\/jahresabschluss.png\" alt=\"\" class=\"wp-image-1601\" width=\"442\" height=\"551\" srcset=\"https:\/\/sv-niederbexbach.de\/backline\/wp-content\/uploads\/2022\/05\/jahresabschluss.png 574w, https:\/\/sv-niederbexbach.de\/backline\/wp-content\/uploads\/2022\/05\/jahresabschluss-241x300.png 241w\" sizes=\"auto, (max-width: 442px) 85vw, 442px\" \/><\/figure>\n","protected":false},"excerpt":{"rendered":"<p>Als Pascal Krau\u00df am Sonntag seinen zweiten Treffer gegen die SG Ommersheim-Erfweiler\/Ehlingen 2 erzielte, brachen auf dem Rasenplatz alle D\u00e4mme. Denn damit war klar, dass der SV Niederbexbach nach vielen Jahren wieder eine Meisterschaft feiern konnte. Genauer gesagt die Meisterschaft in der Kreisliga B Homburg \u2013 die Liga der Reservemannschaften der Bezirksliga Homburg. Kurz darauf &hellip; <a href=\"https:\/\/sv-niederbexbach.de\/backline\/2022\/05\/30\/es-ist-geschafft-2-mannschaft-des-svn-holt-die-schale\/\" class=\"more-link\"><span class=\"screen-reader-text\">\u201eEs ist geschafft! 2. Mannschaft des SVN holt die Schale!\u201c<\/span> weiterlesen<\/a><\/p>\n","protected":false},"author":3,"featured_media":0,"comment_status":"open","ping_status":"open","sticky":false,"template":"","format":"standard","meta":{"footnotes":""},"categories":[1],"tags":[],"class_list":["post-1594","post","type-post","status-publish","format-standard","hentry","category-allgemein"],"_links":{"self":[{"href":"https:\/\/sv-niederbexbach.de\/backline\/wp-json\/wp\/v2\/posts\/1594","targetHints":{"allow":["GET"]}}],"collection":[{"href":"https:\/\/sv-niederbexbach.de\/backline\/wp-json\/wp\/v2\/posts"}],"about":[{"href":"https:\/\/sv-niederbexbach.de\/backline\/wp-json\/wp\/v2\/types\/post"}],"author":[{"embeddable":true,"href":"https:\/\/sv-niederbexbach.de\/backline\/wp-json\/wp\/v2\/users\/3"}],"replies":[{"embeddable":true,"href":"https:\/\/sv-niederbexbach.de\/backline\/wp-json\/wp\/v2\/comments?post=1594"}],"version-history":[{"count":3,"href":"https:\/\/sv-niederbexbach.de\/backline\/wp-json\/wp\/v2\/posts\/1594\/revisions"}],"predecessor-version":[{"id":1602,"href":"https:\/\/sv-niederbexbach.de\/backline\/wp-json\/wp\/v2\/posts\/1594\/revisions\/1602"}],"wp:attachment":[{"href":"https:\/\/sv-niederbexbach.de\/backline\/wp-json\/wp\/v2\/media?parent=1594"}],"wp:term":[{"taxonomy":"category","embeddable":true,"href":"https:\/\/sv-niederbexbach.de\/backline\/wp-json\/wp\/v2\/categories?post=1594"},{"taxonomy":"post_tag","embeddable":true,"href":"https:\/\/sv-niederbexbach.de\/backline\/wp-json\/wp\/v2\/tags?post=1594"}],"curies":[{"name":"wp","href":"https:\/\/api.w.org\/{rel}","templated":true}]}}