{"id":1604,"date":"2022-06-10T07:33:04","date_gmt":"2022-06-10T05:33:04","guid":{"rendered":"https:\/\/sv-niederbexbach.de\/backline\/?p=1604"},"modified":"2022-06-10T07:33:04","modified_gmt":"2022-06-10T05:33:04","slug":"neuer-chefcoach-unterschreibt-fuer-ein-jahr","status":"publish","type":"post","link":"https:\/\/sv-niederbexbach.de\/backline\/2022\/06\/10\/neuer-chefcoach-unterschreibt-fuer-ein-jahr\/","title":{"rendered":"Neuer Chefcoach unterschreibt f\u00fcr ein Jahr"},"content":{"rendered":"\n<p>Marc Rohde wird den SV Niederbexbach als neuer Cheftrainer in die Saison 2022\/23 f\u00fchren. Nachdem Marc nach der Trennung von Dirk Lang das Team bereits an den letzten beiden Spieltagen betreut hatte, wird er nun auch kommende Saison das Geschehen an der Linie sowie auf dem Spielfeld leiten.<\/p>\n\n\n\n<figure class=\"wp-block-image size-full is-style-default\"><img loading=\"lazy\" decoding=\"async\" width=\"246\" height=\"296\" src=\"https:\/\/sv-niederbexbach.de\/backline\/wp-content\/uploads\/2022\/06\/rohde.png\" alt=\"\" class=\"wp-image-1605\" \/><figcaption><strong><sup>Foto: fh<\/sup><\/strong><\/figcaption><\/figure>\n\n\n\n<p>Dies teilte der Vorstand des SVN am heutigen Freitag (10.06.22) mit. Rohde hat gestern einen Vertrag f\u00fcr ein Jahr unterschrieben. F\u00fcr den SVN war es nach Beratungen im Vorstand die beste L\u00f6sung, da Rohde den Verein mittlerweile gut kennt, sich integriert hat und der Trainermarkt ansonsten keine anderen m\u00f6glichen Alternativen hergab. Au\u00dferdem ist er noch immer ein wichtiger Spieler im Angriff, der in der abgelaufenen Saison in 26 Spielen 25 Mal traf.<\/p>\n\n\n\n<p>Wir hoffen auf eine erfolgreiche Zusammenarbeit und w\u00fcnschen Marc viel Gl\u00fcck und Kraft f\u00fcr diese Aufgabe!<\/p>\n","protected":false},"excerpt":{"rendered":"<p>Marc Rohde wird den SV Niederbexbach als neuer Cheftrainer in die Saison 2022\/23 f\u00fchren. Nachdem Marc nach der Trennung von Dirk Lang das Team bereits an den letzten beiden Spieltagen betreut hatte, wird er nun auch kommende Saison das Geschehen an der Linie sowie auf dem Spielfeld leiten. Dies teilte der Vorstand des SVN am &hellip; <a href=\"https:\/\/sv-niederbexbach.de\/backline\/2022\/06\/10\/neuer-chefcoach-unterschreibt-fuer-ein-jahr\/\" class=\"more-link\"><span class=\"screen-reader-text\">\u201eNeuer Chefcoach unterschreibt f\u00fcr ein Jahr\u201c<\/span> weiterlesen<\/a><\/p>\n","protected":false},"author":3,"featured_media":0,"comment_status":"open","ping_status":"open","sticky":false,"template":"","format":"standard","meta":{"footnotes":""},"categories":[1],"tags":[],"class_list":["post-1604","post","type-post","status-publish","format-standard","hentry","category-allgemein"],"_links":{"self":[{"href":"https:\/\/sv-niederbexbach.de\/backline\/wp-json\/wp\/v2\/posts\/1604","targetHints":{"allow":["GET"]}}],"collection":[{"href":"https:\/\/sv-niederbexbach.de\/backline\/wp-json\/wp\/v2\/posts"}],"about":[{"href":"https:\/\/sv-niederbexbach.de\/backline\/wp-json\/wp\/v2\/types\/post"}],"author":[{"embeddable":true,"href":"https:\/\/sv-niederbexbach.de\/backline\/wp-json\/wp\/v2\/users\/3"}],"replies":[{"embeddable":true,"href":"https:\/\/sv-niederbexbach.de\/backline\/wp-json\/wp\/v2\/comments?post=1604"}],"version-history":[{"count":1,"href":"https:\/\/sv-niederbexbach.de\/backline\/wp-json\/wp\/v2\/posts\/1604\/revisions"}],"predecessor-version":[{"id":1606,"href":"https:\/\/sv-niederbexbach.de\/backline\/wp-json\/wp\/v2\/posts\/1604\/revisions\/1606"}],"wp:attachment":[{"href":"https:\/\/sv-niederbexbach.de\/backline\/wp-json\/wp\/v2\/media?parent=1604"}],"wp:term":[{"taxonomy":"category","embeddable":true,"href":"https:\/\/sv-niederbexbach.de\/backline\/wp-json\/wp\/v2\/categories?post=1604"},{"taxonomy":"post_tag","embeddable":true,"href":"https:\/\/sv-niederbexbach.de\/backline\/wp-json\/wp\/v2\/tags?post=1604"}],"curies":[{"name":"wp","href":"https:\/\/api.w.org\/{rel}","templated":true}]}}