{"id":1937,"date":"2023-06-09T08:30:51","date_gmt":"2023-06-09T06:30:51","guid":{"rendered":"https:\/\/sv-niederbexbach.de\/backline\/?p=1937"},"modified":"2023-06-09T08:30:51","modified_gmt":"2023-06-09T06:30:51","slug":"verabschiedungen-und-ehrungen","status":"publish","type":"post","link":"https:\/\/sv-niederbexbach.de\/backline\/2023\/06\/09\/verabschiedungen-und-ehrungen\/","title":{"rendered":"Verabschiedungen und Ehrungen"},"content":{"rendered":"\n<p>Nach dem letzten Spiel gegen de SV Furpach 2 wurden zwei Akteure des SVN offiziell verabschiedet, wobei einer dem SVN sogar erhalten bleibt. Jannik Wentz verl\u00e4sst den SVN in Richtung SV Kohlhof. Pr\u00e4sident Ulrich Burbes dankte Wentz f\u00fcr seine Zuverl\u00e4ssigkeit und seine zahlreichen Eins\u00e4tze in der 1. und 2. Mannschaft. Viel Gl\u00fcck Jannik in Kohlhof!<\/p>\n\n\n\n<figure class=\"wp-block-image size-large is-style-default\"><img loading=\"lazy\" decoding=\"async\" width=\"920\" height=\"690\" src=\"https:\/\/sv-niederbexbach.de\/backline\/wp-content\/uploads\/2023\/06\/20230528_170139-920x690.jpg\" alt=\"\" class=\"wp-image-1938\" srcset=\"https:\/\/sv-niederbexbach.de\/backline\/wp-content\/uploads\/2023\/06\/20230528_170139-920x690.jpg 920w, https:\/\/sv-niederbexbach.de\/backline\/wp-content\/uploads\/2023\/06\/20230528_170139-300x225.jpg 300w, https:\/\/sv-niederbexbach.de\/backline\/wp-content\/uploads\/2023\/06\/20230528_170139-768x576.jpg 768w, https:\/\/sv-niederbexbach.de\/backline\/wp-content\/uploads\/2023\/06\/20230528_170139-1536x1152.jpg 1536w, https:\/\/sv-niederbexbach.de\/backline\/wp-content\/uploads\/2023\/06\/20230528_170139-2048x1536.jpg 2048w, https:\/\/sv-niederbexbach.de\/backline\/wp-content\/uploads\/2023\/06\/20230528_170139-1200x900.jpg 1200w\" sizes=\"auto, (max-width: 709px) 85vw, (max-width: 909px) 67vw, (max-width: 1362px) 62vw, 840px\" \/><\/figure>\n\n\n\n<p><\/p>\n\n\n\n<p>Auch Trainer Marc Rohde bekam von Burbes ein kleines Pr\u00e4sent. Marc hat sich in den letzten Jahren super beim SVN integriert und sich das Jahr als Trainer auch redlich verdient. Gl\u00fccklicherweise war dies keine wirkliche Verabschiedung, denn Marc wird uns als Spieler im Aktiven oder AH-Bereich erhalten bleiben. Vielen Dank Marc, dass du uns als Trainer durch die Saison gef\u00fchrt hast!<\/p>\n\n\n\n<figure class=\"wp-block-image size-large is-style-default\"><img loading=\"lazy\" decoding=\"async\" width=\"920\" height=\"690\" src=\"https:\/\/sv-niederbexbach.de\/backline\/wp-content\/uploads\/2023\/06\/20230528_170109-920x690.jpg\" alt=\"\" class=\"wp-image-1939\" srcset=\"https:\/\/sv-niederbexbach.de\/backline\/wp-content\/uploads\/2023\/06\/20230528_170109-920x690.jpg 920w, https:\/\/sv-niederbexbach.de\/backline\/wp-content\/uploads\/2023\/06\/20230528_170109-300x225.jpg 300w, https:\/\/sv-niederbexbach.de\/backline\/wp-content\/uploads\/2023\/06\/20230528_170109-768x576.jpg 768w, https:\/\/sv-niederbexbach.de\/backline\/wp-content\/uploads\/2023\/06\/20230528_170109-1536x1152.jpg 1536w, https:\/\/sv-niederbexbach.de\/backline\/wp-content\/uploads\/2023\/06\/20230528_170109-2048x1536.jpg 2048w, https:\/\/sv-niederbexbach.de\/backline\/wp-content\/uploads\/2023\/06\/20230528_170109-1200x900.jpg 1200w\" sizes=\"auto, (max-width: 709px) 85vw, (max-width: 909px) 67vw, (max-width: 1362px) 62vw, 840px\" \/><\/figure>\n\n\n\n<p><\/p>\n\n\n\n<p>Auch einige Ehrungen wurden im Anschluss durchgef\u00fchrt. Hans Josef Westrich (Kreisehrenamtsbeauftragter des SFV) \u00fcbergab Urkunden an Ulrich Burbes, J\u00f6rg Imbsweiler und Kai Neu. Burbes und Imbsweiler erhielten vom SFV f\u00fcr langj\u00e4hrige Mitarbeit und Treue zum Fu\u00dfball die goldene Verbandsehrennadel. Burbes und Neu bekamen dann vom DFB noch eine Ehrenamtsurkunde f\u00fcr herausragende ehrenamtliche Leistungen im Fu\u00dfballsport und on top auch die DFB-Uhr 2023. Vielen Dank an die &#8222;alten&#8220; Hasen f\u00fcr ihre tolle Arbeit \u00fcber Jahrzehnte beim SV Niederbexbach!<\/p>\n\n\n\n<figure class=\"wp-block-image size-large is-style-default\"><img loading=\"lazy\" decoding=\"async\" width=\"920\" height=\"690\" src=\"https:\/\/sv-niederbexbach.de\/backline\/wp-content\/uploads\/2023\/06\/20230528_170342-920x690.jpg\" alt=\"\" class=\"wp-image-1940\" srcset=\"https:\/\/sv-niederbexbach.de\/backline\/wp-content\/uploads\/2023\/06\/20230528_170342-920x690.jpg 920w, https:\/\/sv-niederbexbach.de\/backline\/wp-content\/uploads\/2023\/06\/20230528_170342-300x225.jpg 300w, https:\/\/sv-niederbexbach.de\/backline\/wp-content\/uploads\/2023\/06\/20230528_170342-768x576.jpg 768w, https:\/\/sv-niederbexbach.de\/backline\/wp-content\/uploads\/2023\/06\/20230528_170342-1536x1152.jpg 1536w, https:\/\/sv-niederbexbach.de\/backline\/wp-content\/uploads\/2023\/06\/20230528_170342-2048x1536.jpg 2048w, https:\/\/sv-niederbexbach.de\/backline\/wp-content\/uploads\/2023\/06\/20230528_170342-1200x900.jpg 1200w\" sizes=\"auto, (max-width: 709px) 85vw, (max-width: 909px) 67vw, (max-width: 1362px) 62vw, 840px\" \/><figcaption><sup>Fotos: Florian H\u00fcther<\/sup><\/figcaption><\/figure>\n","protected":false},"excerpt":{"rendered":"<p>Nach dem letzten Spiel gegen de SV Furpach 2 wurden zwei Akteure des SVN offiziell verabschiedet, wobei einer dem SVN sogar erhalten bleibt. Jannik Wentz verl\u00e4sst den SVN in Richtung SV Kohlhof. Pr\u00e4sident Ulrich Burbes dankte Wentz f\u00fcr seine Zuverl\u00e4ssigkeit und seine zahlreichen Eins\u00e4tze in der 1. und 2. Mannschaft. Viel Gl\u00fcck Jannik in Kohlhof! &hellip; <a href=\"https:\/\/sv-niederbexbach.de\/backline\/2023\/06\/09\/verabschiedungen-und-ehrungen\/\" class=\"more-link\"><span class=\"screen-reader-text\">\u201eVerabschiedungen und Ehrungen\u201c<\/span> weiterlesen<\/a><\/p>\n","protected":false},"author":3,"featured_media":0,"comment_status":"open","ping_status":"open","sticky":false,"template":"","format":"standard","meta":{"footnotes":""},"categories":[1],"tags":[],"class_list":["post-1937","post","type-post","status-publish","format-standard","hentry","category-allgemein"],"_links":{"self":[{"href":"https:\/\/sv-niederbexbach.de\/backline\/wp-json\/wp\/v2\/posts\/1937","targetHints":{"allow":["GET"]}}],"collection":[{"href":"https:\/\/sv-niederbexbach.de\/backline\/wp-json\/wp\/v2\/posts"}],"about":[{"href":"https:\/\/sv-niederbexbach.de\/backline\/wp-json\/wp\/v2\/types\/post"}],"author":[{"embeddable":true,"href":"https:\/\/sv-niederbexbach.de\/backline\/wp-json\/wp\/v2\/users\/3"}],"replies":[{"embeddable":true,"href":"https:\/\/sv-niederbexbach.de\/backline\/wp-json\/wp\/v2\/comments?post=1937"}],"version-history":[{"count":1,"href":"https:\/\/sv-niederbexbach.de\/backline\/wp-json\/wp\/v2\/posts\/1937\/revisions"}],"predecessor-version":[{"id":1941,"href":"https:\/\/sv-niederbexbach.de\/backline\/wp-json\/wp\/v2\/posts\/1937\/revisions\/1941"}],"wp:attachment":[{"href":"https:\/\/sv-niederbexbach.de\/backline\/wp-json\/wp\/v2\/media?parent=1937"}],"wp:term":[{"taxonomy":"category","embeddable":true,"href":"https:\/\/sv-niederbexbach.de\/backline\/wp-json\/wp\/v2\/categories?post=1937"},{"taxonomy":"post_tag","embeddable":true,"href":"https:\/\/sv-niederbexbach.de\/backline\/wp-json\/wp\/v2\/tags?post=1937"}],"curies":[{"name":"wp","href":"https:\/\/api.w.org\/{rel}","templated":true}]}}