{"id":2259,"date":"2024-03-04T11:38:45","date_gmt":"2024-03-04T10:38:45","guid":{"rendered":"https:\/\/sv-niederbexbach.de\/backline\/?p=2259"},"modified":"2024-03-04T11:38:45","modified_gmt":"2024-03-04T10:38:45","slug":"ergebnisse-der-ah-generalversammlung","status":"publish","type":"post","link":"https:\/\/sv-niederbexbach.de\/backline\/2024\/03\/04\/ergebnisse-der-ah-generalversammlung\/","title":{"rendered":"Ergebnisse der AH-Generalversammlung"},"content":{"rendered":"\n<p>Am letzten Sonntag fand vor dem Heimspiel der Aktiven die AH-Generalversammlung im Sportheim an. Das Clubheim war gut gef\u00fcllt, als Spartenleiter Sascha Schick die anwesenden Mitglieder begr\u00fc\u00dfen durfte. Nach seinem Bericht folgten die Mitteilungen der einzelnen Sparten. Im Anschluss wurden der Vorstand sowie die Kassierer entlastet. <\/p>\n\n\n\n<p><strong>Die Neuwahlen brachten folgende Ergebnisse: Spartenleiter: Sascha Schick, Trainingsleitung: Fatjon Hoxha, sein Vertreter ist Sinisa Popadic. Schriftf\u00fchrer: Waldemar Bauser, sein Vertreter ist Victor Bialecki. AH-Vertreter im Vorstand des SVN bleibt Dominik Fricker. 1. Kassierer: Dieter Bl\u00e4sius, sein Vertreter ist Markus Eiden. Kassenpr\u00fcfer sind Rudi Drumm und Rainer Kipf. Organisationsleiter: Michael M\u00fcller. Dem Orga-Team geh\u00f6ren an: Peter Kipp, Helmut von Blohn, Patrick Kerner, Raphael Damaschke, J\u00f6rg Imbsweiler und Andreas Seibel. 1. Kassierer Geburtstagskasse: Joachim Raffael, sein Vertreter ist David Schmidt. Nach der Versammlung gab es noch ein gemeinsames Mittagessen und die Zeit bis zum Aktivenspiel wurde mit guten Gespr\u00e4chen und Getr\u00e4nken \u00fcberbr\u00fcckt.<\/strong><\/p>\n","protected":false},"excerpt":{"rendered":"<p>Am letzten Sonntag fand vor dem Heimspiel der Aktiven die AH-Generalversammlung im Sportheim an. Das Clubheim war gut gef\u00fcllt, als Spartenleiter Sascha Schick die anwesenden Mitglieder begr\u00fc\u00dfen durfte. Nach seinem Bericht folgten die Mitteilungen der einzelnen Sparten. Im Anschluss wurden der Vorstand sowie die Kassierer entlastet. Die Neuwahlen brachten folgende Ergebnisse: Spartenleiter: Sascha Schick, Trainingsleitung: &hellip; <a href=\"https:\/\/sv-niederbexbach.de\/backline\/2024\/03\/04\/ergebnisse-der-ah-generalversammlung\/\" class=\"more-link\"><span class=\"screen-reader-text\">\u201eErgebnisse der AH-Generalversammlung\u201c<\/span> weiterlesen<\/a><\/p>\n","protected":false},"author":3,"featured_media":0,"comment_status":"open","ping_status":"open","sticky":false,"template":"","format":"standard","meta":{"footnotes":""},"categories":[1],"tags":[],"class_list":["post-2259","post","type-post","status-publish","format-standard","hentry","category-allgemein"],"_links":{"self":[{"href":"https:\/\/sv-niederbexbach.de\/backline\/wp-json\/wp\/v2\/posts\/2259","targetHints":{"allow":["GET"]}}],"collection":[{"href":"https:\/\/sv-niederbexbach.de\/backline\/wp-json\/wp\/v2\/posts"}],"about":[{"href":"https:\/\/sv-niederbexbach.de\/backline\/wp-json\/wp\/v2\/types\/post"}],"author":[{"embeddable":true,"href":"https:\/\/sv-niederbexbach.de\/backline\/wp-json\/wp\/v2\/users\/3"}],"replies":[{"embeddable":true,"href":"https:\/\/sv-niederbexbach.de\/backline\/wp-json\/wp\/v2\/comments?post=2259"}],"version-history":[{"count":1,"href":"https:\/\/sv-niederbexbach.de\/backline\/wp-json\/wp\/v2\/posts\/2259\/revisions"}],"predecessor-version":[{"id":2260,"href":"https:\/\/sv-niederbexbach.de\/backline\/wp-json\/wp\/v2\/posts\/2259\/revisions\/2260"}],"wp:attachment":[{"href":"https:\/\/sv-niederbexbach.de\/backline\/wp-json\/wp\/v2\/media?parent=2259"}],"wp:term":[{"taxonomy":"category","embeddable":true,"href":"https:\/\/sv-niederbexbach.de\/backline\/wp-json\/wp\/v2\/categories?post=2259"},{"taxonomy":"post_tag","embeddable":true,"href":"https:\/\/sv-niederbexbach.de\/backline\/wp-json\/wp\/v2\/tags?post=2259"}],"curies":[{"name":"wp","href":"https:\/\/api.w.org\/{rel}","templated":true}]}}