{"id":2667,"date":"2025-03-28T10:24:43","date_gmt":"2025-03-28T09:24:43","guid":{"rendered":"https:\/\/sv-niederbexbach.de\/backline\/?p=2667"},"modified":"2025-03-28T10:26:52","modified_gmt":"2025-03-28T09:26:52","slug":"unser-vereinswirt-lui-feiert-10-jaehriges","status":"publish","type":"post","link":"https:\/\/sv-niederbexbach.de\/backline\/2025\/03\/28\/unser-vereinswirt-lui-feiert-10-jaehriges\/","title":{"rendered":"Unser Vereinswirt Lui feiert 10-J\u00e4hriges"},"content":{"rendered":"\n<p><strong>5,4,3,2,1&#8230;.heeeeeeyyyyy!!<\/strong><\/p>\n\n\n\n<p>Unser Vereinswirt Lui Klein feiert im April tats\u00e4chlich schon seine 10-j\u00e4hrige &#8222;Amtszeit&#8220; beim SV Niederbexbach. Um sich bei allen f\u00fcr die jahrelange Treue zu bedanken und ein bisschen zu feiern, l\u00e4dt er alle Wegbegleiter am 26. April ins Sportheim ein. Er w\u00fcrde sich \u00fcber viele bekannte Gesichter sehr freuen. Der Verein ist sehr froh, auf die Dienste von Lui und seinem Team z\u00e4hlen zu k\u00f6nnen und ist extrem dankbar. Auf die n\u00e4chsten 10 Jahre!!<\/p>\n\n\n\n<figure class=\"wp-block-image size-full is-resized\"><img loading=\"lazy\" decoding=\"async\" width=\"683\" height=\"953\" src=\"https:\/\/sv-niederbexbach.de\/backline\/wp-content\/uploads\/2025\/03\/Lui-10-Jahre.png\" alt=\"\" class=\"wp-image-2668\" style=\"width:591px;height:auto\" srcset=\"https:\/\/sv-niederbexbach.de\/backline\/wp-content\/uploads\/2025\/03\/Lui-10-Jahre.png 683w, https:\/\/sv-niederbexbach.de\/backline\/wp-content\/uploads\/2025\/03\/Lui-10-Jahre-215x300.png 215w\" sizes=\"auto, (max-width: 709px) 85vw, (max-width: 909px) 67vw, (max-width: 984px) 61vw, (max-width: 1362px) 45vw, 600px\" \/><\/figure>\n","protected":false},"excerpt":{"rendered":"<p>5,4,3,2,1&#8230;.heeeeeeyyyyy!! Unser Vereinswirt Lui Klein feiert im April tats\u00e4chlich schon seine 10-j\u00e4hrige &#8222;Amtszeit&#8220; beim SV Niederbexbach. Um sich bei allen f\u00fcr die jahrelange Treue zu bedanken und ein bisschen zu feiern, l\u00e4dt er alle Wegbegleiter am 26. April ins Sportheim ein. Er w\u00fcrde sich \u00fcber viele bekannte Gesichter sehr freuen. Der Verein ist sehr froh, &hellip; <a href=\"https:\/\/sv-niederbexbach.de\/backline\/2025\/03\/28\/unser-vereinswirt-lui-feiert-10-jaehriges\/\" class=\"more-link\"><span class=\"screen-reader-text\">\u201eUnser Vereinswirt Lui feiert 10-J\u00e4hriges\u201c<\/span> weiterlesen<\/a><\/p>\n","protected":false},"author":3,"featured_media":0,"comment_status":"open","ping_status":"open","sticky":false,"template":"","format":"standard","meta":{"footnotes":""},"categories":[1],"tags":[],"class_list":["post-2667","post","type-post","status-publish","format-standard","hentry","category-allgemein"],"_links":{"self":[{"href":"https:\/\/sv-niederbexbach.de\/backline\/wp-json\/wp\/v2\/posts\/2667","targetHints":{"allow":["GET"]}}],"collection":[{"href":"https:\/\/sv-niederbexbach.de\/backline\/wp-json\/wp\/v2\/posts"}],"about":[{"href":"https:\/\/sv-niederbexbach.de\/backline\/wp-json\/wp\/v2\/types\/post"}],"author":[{"embeddable":true,"href":"https:\/\/sv-niederbexbach.de\/backline\/wp-json\/wp\/v2\/users\/3"}],"replies":[{"embeddable":true,"href":"https:\/\/sv-niederbexbach.de\/backline\/wp-json\/wp\/v2\/comments?post=2667"}],"version-history":[{"count":4,"href":"https:\/\/sv-niederbexbach.de\/backline\/wp-json\/wp\/v2\/posts\/2667\/revisions"}],"predecessor-version":[{"id":2672,"href":"https:\/\/sv-niederbexbach.de\/backline\/wp-json\/wp\/v2\/posts\/2667\/revisions\/2672"}],"wp:attachment":[{"href":"https:\/\/sv-niederbexbach.de\/backline\/wp-json\/wp\/v2\/media?parent=2667"}],"wp:term":[{"taxonomy":"category","embeddable":true,"href":"https:\/\/sv-niederbexbach.de\/backline\/wp-json\/wp\/v2\/categories?post=2667"},{"taxonomy":"post_tag","embeddable":true,"href":"https:\/\/sv-niederbexbach.de\/backline\/wp-json\/wp\/v2\/tags?post=2667"}],"curies":[{"name":"wp","href":"https:\/\/api.w.org\/{rel}","templated":true}]}}