{"id":2996,"date":"2026-03-06T08:08:42","date_gmt":"2026-03-06T07:08:42","guid":{"rendered":"https:\/\/sv-niederbexbach.de\/backline\/?p=2996"},"modified":"2026-03-06T08:08:42","modified_gmt":"2026-03-06T07:08:42","slug":"grosses-verletzungspech-beim-svn","status":"publish","type":"post","link":"https:\/\/sv-niederbexbach.de\/backline\/2026\/03\/06\/grosses-verletzungspech-beim-svn\/","title":{"rendered":"Gro\u00dfes Verletzungspech beim SVN"},"content":{"rendered":"\n<p>Keine guten Nachrichten verbreiteten sich am letzten Sonntag w\u00e4hrend des Heimspiels des SVN gegen den SV H\u00f6chen (3:3). Bei Mittelfeldmotor Marc Weber war der Kreuzbandriss schon l\u00e4nger diagnostiziert. Auch Tobias Andes aus der 2. Mannschaft hatte es am Kreuzband erwischt &#8211; beide sind schon erfolgreich operiert worden.<\/p>\n\n\n\n<p>Doch nun kam die dritte schwere Verletzung hinzu. Auch Pascal Krau\u00df riss sich das Kreuzband. Er musste schon in der ersten Halbzeit gegen H\u00f6chen ausgewechselt werden. Bereits im Testspiel gegen den FC Bierbach sp\u00fcrte Krau\u00df etwas im Knie. Nun die bittere Nachricht, dass das Band komplett durch ist. <\/p>\n\n\n\n<figure class=\"wp-block-image size-large is-resized\"><img loading=\"lazy\" decoding=\"async\" width=\"832\" height=\"1024\" src=\"https:\/\/sv-niederbexbach.de\/backline\/wp-content\/uploads\/2026\/03\/svn-832x1024.jpg\" alt=\"\" class=\"wp-image-2997\" style=\"width:589px;height:auto\" srcset=\"https:\/\/sv-niederbexbach.de\/backline\/wp-content\/uploads\/2026\/03\/svn-832x1024.jpg 832w, https:\/\/sv-niederbexbach.de\/backline\/wp-content\/uploads\/2026\/03\/svn-244x300.jpg 244w, https:\/\/sv-niederbexbach.de\/backline\/wp-content\/uploads\/2026\/03\/svn-768x945.jpg 768w, https:\/\/sv-niederbexbach.de\/backline\/wp-content\/uploads\/2026\/03\/svn-1248x1536.jpg 1248w, https:\/\/sv-niederbexbach.de\/backline\/wp-content\/uploads\/2026\/03\/svn-1200x1477.jpg 1200w, https:\/\/sv-niederbexbach.de\/backline\/wp-content\/uploads\/2026\/03\/svn.jpg 1300w\" sizes=\"auto, (max-width: 709px) 85vw, (max-width: 909px) 67vw, (max-width: 984px) 61vw, (max-width: 1362px) 45vw, 600px\" \/><figcaption class=\"wp-element-caption\"><strong><sup>Marc Weber (links) und Tobias Andes haben sich beide schwer am Kreuzband verletzt. Hier beim Heimspiel gegen den SV H\u00f6chen. Foto: privat<\/sup><\/strong><\/figcaption><\/figure>\n\n\n\n<p><strong>Der gesamte Verein w\u00fcnscht den drei Jungs eine schnelle Genesung und Alles Gute! Wir hoffen alle, dass wir euch sp\u00e4testens zu Beginn der n\u00e4chsten Saison wieder auf dem Platz sehen werden.<\/strong><\/p>\n","protected":false},"excerpt":{"rendered":"<p>Keine guten Nachrichten verbreiteten sich am letzten Sonntag w\u00e4hrend des Heimspiels des SVN gegen den SV H\u00f6chen (3:3). Bei Mittelfeldmotor Marc Weber war der Kreuzbandriss schon l\u00e4nger diagnostiziert. Auch Tobias Andes aus der 2. Mannschaft hatte es am Kreuzband erwischt &#8211; beide sind schon erfolgreich operiert worden. Doch nun kam die dritte schwere Verletzung hinzu. &hellip; <a href=\"https:\/\/sv-niederbexbach.de\/backline\/2026\/03\/06\/grosses-verletzungspech-beim-svn\/\" class=\"more-link\"><span class=\"screen-reader-text\">\u201eGro\u00dfes Verletzungspech beim SVN\u201c<\/span> weiterlesen<\/a><\/p>\n","protected":false},"author":3,"featured_media":0,"comment_status":"open","ping_status":"open","sticky":false,"template":"","format":"standard","meta":{"footnotes":""},"categories":[1],"tags":[],"class_list":["post-2996","post","type-post","status-publish","format-standard","hentry","category-allgemein"],"_links":{"self":[{"href":"https:\/\/sv-niederbexbach.de\/backline\/wp-json\/wp\/v2\/posts\/2996","targetHints":{"allow":["GET"]}}],"collection":[{"href":"https:\/\/sv-niederbexbach.de\/backline\/wp-json\/wp\/v2\/posts"}],"about":[{"href":"https:\/\/sv-niederbexbach.de\/backline\/wp-json\/wp\/v2\/types\/post"}],"author":[{"embeddable":true,"href":"https:\/\/sv-niederbexbach.de\/backline\/wp-json\/wp\/v2\/users\/3"}],"replies":[{"embeddable":true,"href":"https:\/\/sv-niederbexbach.de\/backline\/wp-json\/wp\/v2\/comments?post=2996"}],"version-history":[{"count":1,"href":"https:\/\/sv-niederbexbach.de\/backline\/wp-json\/wp\/v2\/posts\/2996\/revisions"}],"predecessor-version":[{"id":2998,"href":"https:\/\/sv-niederbexbach.de\/backline\/wp-json\/wp\/v2\/posts\/2996\/revisions\/2998"}],"wp:attachment":[{"href":"https:\/\/sv-niederbexbach.de\/backline\/wp-json\/wp\/v2\/media?parent=2996"}],"wp:term":[{"taxonomy":"category","embeddable":true,"href":"https:\/\/sv-niederbexbach.de\/backline\/wp-json\/wp\/v2\/categories?post=2996"},{"taxonomy":"post_tag","embeddable":true,"href":"https:\/\/sv-niederbexbach.de\/backline\/wp-json\/wp\/v2\/tags?post=2996"}],"curies":[{"name":"wp","href":"https:\/\/api.w.org\/{rel}","templated":true}]}}