{"id":3003,"date":"2026-03-09T08:16:20","date_gmt":"2026-03-09T07:16:20","guid":{"rendered":"https:\/\/sv-niederbexbach.de\/backline\/?p=3003"},"modified":"2026-03-09T11:47:07","modified_gmt":"2026-03-09T10:47:07","slug":"arbeitssieg-auf-ungewohntem-terrain-niederbexbach-gewinnt-32-in-bildstock","status":"publish","type":"post","link":"https:\/\/sv-niederbexbach.de\/backline\/2026\/03\/09\/arbeitssieg-auf-ungewohntem-terrain-niederbexbach-gewinnt-32-in-bildstock\/","title":{"rendered":"Arbeitssieg auf ungewohntem Terrain \u2013 Niederbexbach gewinnt 3:2 in Bildstock"},"content":{"rendered":"\n<p>Bei sommerlich warmen Temperaturen auf dem gro\u00dfen Kunstrasenplatz in Bildstock \u2013 ein ungewohntes Gel\u00e4uf f\u00fcr die G\u00e4ste \u2013 entwickelte sich von Beginn an eine intensive Partie zwischen der DJK Bildstock und dem SVN. Die Hausherren erwischten den besseren Start und nutzten bereits in der 2. Minute eine Unstimmigkeit in der Niederbexbacher Hintermannschaft zur fr\u00fchen F\u00fchrung. Bildstock blieb auch danach die spielbestimmende Mannschaft und setzte die G\u00e4ste immer wieder unter Druck. Dass Niederbexbach dennoch im Spiel blieb, war vor allem Torh\u00fcter Julian Kerner zu verdanken, der mit mehreren starken Paraden ein noch deutlicheres Ergebnis verhinderte. Mit zunehmender Spielzeit fand Niederbexbach besser in die Partie und schlug innerhalb weniger Minuten zur\u00fcck. In der 33. Minute traf Backes zum Ausgleich, nur zwei Minuten sp\u00e4ter drehte Jakob (35.) die Partie sogar zur 2:1-F\u00fchrung f\u00fcr die G\u00e4ste. Bildstock lie\u00df sich davon jedoch nicht beeindrucken und kam kurz vor der Pause noch einmal zur\u00fcck: Nach einem Eckball fiel in der 44. Minute der Treffer zum 2:2, mit dem es auch in die Halbzeit ging. Zur zweiten H\u00e4lfte stellte Niederbexbach taktisch um, agierte fortan mit einer Viererkette und setzte vorne nur noch auf Michael Weimann als alleinige Spitze. Die Umstellung zeigte Wirkung: Die G\u00e4ste wirkten nun stabiler und \u00fcbernahmen phasenweise die Kontrolle \u00fcber das Spiel. Trotz mehrerer guter M\u00f6glichkeiten wollte der Ball jedoch lange nicht ins Tor \u2013 eigentlich h\u00e4tten in dieser Phase bereits einige Treffer fallen m\u00fcssen. Die erl\u00f6sende Szene folgte schlie\u00dflich in der 67. Minute: Steven Meier traf zum 3:2 f\u00fcr Niederbexbach und brachte seine Mannschaft damit auf die Siegerstra\u00dfe. In der Folge boten sich den G\u00e4sten weitere Chancen, um den Sack endg\u00fcltig zuzumachen, doch keine davon wurde konsequent genutzt. So blieb es bis zum Ende spannend. In der Schlussphase dr\u00e4ngte Bildstock noch einmal auf den Ausgleich, doch Lukas Johann rettete in h\u00f6chster Not auf der Linie und bewahrte Niederbexbach vor dem sp\u00e4ten Gegentor. Am Ende stand ein 3:2-Ausw\u00e4rtssieg, der vielleicht nicht gl\u00e4nzend, aber aufgrund der zweiten Halbzeit und der k\u00e4mpferischen Leistung ein verdienter Arbeitssieg f\u00fcr Niederbexbach war. Die 2. Mannschaft war spielfrei. <\/p>\n\n\n\n<p>Die E1 holte zu Hause gegen den SV Schwarzenbach ein 3:3. Die E2 unterlag beim SV Kirrberg mit 8:2. Das Spiel der D-Jugend gegen den SV Reiskirchen wurde auf den 24. M\u00e4rz verlegt. <\/p>\n\n\n\n<p><strong>Am kommenden Sonntag sind die Aktiven beim SV Bruchhof-Sanddorf gefordert. Die Zweite startet um 13.15 Uhr, die Erste um 15 Uhr. Die D-Jugend spielt am Mittwoch (11. M\u00e4rz) um 18 Uhr beim SV Kirrberg und am Samstag um 14 Uhr in Ludwigsthal gegen die DJK Elversberg. Die E2 am gleichen Tag um 13.45 Uhr in der RTE-Arena gegen VfB Borussia Neunkirchen sowie am 11. M\u00e4rz zu Hause um 18 Uhr gegen SV Hellas Bildstock. Des Weiteren muss die E2 am Mittwoch, 18. M\u00e4rz, um 17.45 Uhr beim SV Blickweiler antreten.<\/strong> <strong>Die F-Jugend tritt am Samstag ab 10 Uhr beim Gruppenspieltag auf dem Gel\u00e4nde der DJK Bexbach an.<\/strong><\/p>\n","protected":false},"excerpt":{"rendered":"<p>Bei sommerlich warmen Temperaturen auf dem gro\u00dfen Kunstrasenplatz in Bildstock \u2013 ein ungewohntes Gel\u00e4uf f\u00fcr die G\u00e4ste \u2013 entwickelte sich von Beginn an eine intensive Partie zwischen der DJK Bildstock und dem SVN. Die Hausherren erwischten den besseren Start und nutzten bereits in der 2. Minute eine Unstimmigkeit in der Niederbexbacher Hintermannschaft zur fr\u00fchen F\u00fchrung. &hellip; <a href=\"https:\/\/sv-niederbexbach.de\/backline\/2026\/03\/09\/arbeitssieg-auf-ungewohntem-terrain-niederbexbach-gewinnt-32-in-bildstock\/\" class=\"more-link\"><span class=\"screen-reader-text\">\u201eArbeitssieg auf ungewohntem Terrain \u2013 Niederbexbach gewinnt 3:2 in Bildstock\u201c<\/span> weiterlesen<\/a><\/p>\n","protected":false},"author":3,"featured_media":0,"comment_status":"open","ping_status":"open","sticky":false,"template":"","format":"standard","meta":{"footnotes":""},"categories":[1],"tags":[],"class_list":["post-3003","post","type-post","status-publish","format-standard","hentry","category-allgemein"],"_links":{"self":[{"href":"https:\/\/sv-niederbexbach.de\/backline\/wp-json\/wp\/v2\/posts\/3003","targetHints":{"allow":["GET"]}}],"collection":[{"href":"https:\/\/sv-niederbexbach.de\/backline\/wp-json\/wp\/v2\/posts"}],"about":[{"href":"https:\/\/sv-niederbexbach.de\/backline\/wp-json\/wp\/v2\/types\/post"}],"author":[{"embeddable":true,"href":"https:\/\/sv-niederbexbach.de\/backline\/wp-json\/wp\/v2\/users\/3"}],"replies":[{"embeddable":true,"href":"https:\/\/sv-niederbexbach.de\/backline\/wp-json\/wp\/v2\/comments?post=3003"}],"version-history":[{"count":3,"href":"https:\/\/sv-niederbexbach.de\/backline\/wp-json\/wp\/v2\/posts\/3003\/revisions"}],"predecessor-version":[{"id":3007,"href":"https:\/\/sv-niederbexbach.de\/backline\/wp-json\/wp\/v2\/posts\/3003\/revisions\/3007"}],"wp:attachment":[{"href":"https:\/\/sv-niederbexbach.de\/backline\/wp-json\/wp\/v2\/media?parent=3003"}],"wp:term":[{"taxonomy":"category","embeddable":true,"href":"https:\/\/sv-niederbexbach.de\/backline\/wp-json\/wp\/v2\/categories?post=3003"},{"taxonomy":"post_tag","embeddable":true,"href":"https:\/\/sv-niederbexbach.de\/backline\/wp-json\/wp\/v2\/tags?post=3003"}],"curies":[{"name":"wp","href":"https:\/\/api.w.org\/{rel}","templated":true}]}}