{"id":3068,"date":"2026-04-27T09:39:22","date_gmt":"2026-04-27T07:39:22","guid":{"rendered":"https:\/\/sv-niederbexbach.de\/backline\/?p=3068"},"modified":"2026-04-27T09:39:22","modified_gmt":"2026-04-27T07:39:22","slug":"zweite-mannschaft-holt-den-sieg-und-erhaelt-die-schale","status":"publish","type":"post","link":"https:\/\/sv-niederbexbach.de\/backline\/2026\/04\/27\/zweite-mannschaft-holt-den-sieg-und-erhaelt-die-schale\/","title":{"rendered":"Zweite Mannschaft holt den Sieg und erh\u00e4lt die \u201eSchale\u201c"},"content":{"rendered":"\n<p>Am vergangenen Sonntag war es endlich soweit: Unsere 2. Mannschaft bekam in Person von Manfred Emrich und Hans Josef Westrich vom Saarl\u00e4ndischen Fu\u00dfballverband nach der errungenen Meisterschaft in der Kreisliga B Neunkirchen die \u201eSchale\u201c \u00fcberreicht. Unserem Team gelang es, alle Spiele der Saison zu gewinnen. Auch Emrich betonte: \u201eIch habe bereits einige Troph\u00e4en \u00fcbergeben, aber dass ein Team verlustpunktfrei Meister wird, ist f\u00fcr mich auch neu.\u201c Umso gr\u00f6\u00dfer war die Freude, als Kapit\u00e4n Waldemar Bauer die h\u00fcbsche Troph\u00e4e in die H\u00f6he stemmen konnte. Geehrt wurde Tobias Andes, der einen Wimpel des SFV erhielt. Westrich dankte ihm ausdr\u00fccklich f\u00fcr sein gro\u00dfes Engagement auf und neben dem Platz. Wir sind stolz auf dieses Team und sagen auch noch einmal Herzlichen Gl\u00fcckwunsch zum Titel in der Saison 2025\/26! Beim 4:2-Sieg gegen den SV Kohlhof trafen Mirko Holzmayr, Felix Scherer und Victor Bialecki. Die G\u00e4ste steuerten ein Eigentor bei.<\/p>\n\n\n\n<figure class=\"wp-block-image size-large\"><img loading=\"lazy\" decoding=\"async\" width=\"920\" height=\"690\" src=\"https:\/\/sv-niederbexbach.de\/backline\/wp-content\/uploads\/2026\/04\/20260426_144727-920x690.jpg\" alt=\"\" class=\"wp-image-3069\" srcset=\"https:\/\/sv-niederbexbach.de\/backline\/wp-content\/uploads\/2026\/04\/20260426_144727-920x690.jpg 920w, https:\/\/sv-niederbexbach.de\/backline\/wp-content\/uploads\/2026\/04\/20260426_144727-300x225.jpg 300w, https:\/\/sv-niederbexbach.de\/backline\/wp-content\/uploads\/2026\/04\/20260426_144727-768x576.jpg 768w, https:\/\/sv-niederbexbach.de\/backline\/wp-content\/uploads\/2026\/04\/20260426_144727-1536x1152.jpg 1536w, https:\/\/sv-niederbexbach.de\/backline\/wp-content\/uploads\/2026\/04\/20260426_144727-2048x1536.jpg 2048w, https:\/\/sv-niederbexbach.de\/backline\/wp-content\/uploads\/2026\/04\/20260426_144727-1200x900.jpg 1200w\" sizes=\"auto, (max-width: 709px) 85vw, (max-width: 909px) 67vw, (max-width: 1362px) 62vw, 840px\" \/><figcaption class=\"wp-element-caption\"><strong><sup><strong>Die zweite Mannschaft holte in der abgelaufenen Saison 33 von 33 m\u00f6glichen Punkten und ist hochverdient Meister in der Kreisliga B Neunkirchen. Fotos: Florian H\u00fcther<\/strong><\/sup><\/strong><\/figcaption><\/figure>\n\n\n\n<figure class=\"wp-block-image size-large\"><img loading=\"lazy\" decoding=\"async\" width=\"920\" height=\"690\" src=\"https:\/\/sv-niederbexbach.de\/backline\/wp-content\/uploads\/2026\/04\/20260426_144429-920x690.jpg\" alt=\"\" class=\"wp-image-3070\" srcset=\"https:\/\/sv-niederbexbach.de\/backline\/wp-content\/uploads\/2026\/04\/20260426_144429-920x690.jpg 920w, https:\/\/sv-niederbexbach.de\/backline\/wp-content\/uploads\/2026\/04\/20260426_144429-300x225.jpg 300w, https:\/\/sv-niederbexbach.de\/backline\/wp-content\/uploads\/2026\/04\/20260426_144429-768x576.jpg 768w, https:\/\/sv-niederbexbach.de\/backline\/wp-content\/uploads\/2026\/04\/20260426_144429-1536x1152.jpg 1536w, https:\/\/sv-niederbexbach.de\/backline\/wp-content\/uploads\/2026\/04\/20260426_144429-2048x1536.jpg 2048w, https:\/\/sv-niederbexbach.de\/backline\/wp-content\/uploads\/2026\/04\/20260426_144429-1200x900.jpg 1200w\" sizes=\"auto, (max-width: 709px) 85vw, (max-width: 909px) 67vw, (max-width: 1362px) 62vw, 840px\" \/><\/figure>\n\n\n\n<figure class=\"wp-block-image size-large\"><img loading=\"lazy\" decoding=\"async\" width=\"920\" height=\"690\" src=\"https:\/\/sv-niederbexbach.de\/backline\/wp-content\/uploads\/2026\/04\/20260426_144406-920x690.jpg\" alt=\"\" class=\"wp-image-3071\" srcset=\"https:\/\/sv-niederbexbach.de\/backline\/wp-content\/uploads\/2026\/04\/20260426_144406-920x690.jpg 920w, https:\/\/sv-niederbexbach.de\/backline\/wp-content\/uploads\/2026\/04\/20260426_144406-300x225.jpg 300w, https:\/\/sv-niederbexbach.de\/backline\/wp-content\/uploads\/2026\/04\/20260426_144406-768x576.jpg 768w, https:\/\/sv-niederbexbach.de\/backline\/wp-content\/uploads\/2026\/04\/20260426_144406-1536x1152.jpg 1536w, https:\/\/sv-niederbexbach.de\/backline\/wp-content\/uploads\/2026\/04\/20260426_144406-2048x1536.jpg 2048w, https:\/\/sv-niederbexbach.de\/backline\/wp-content\/uploads\/2026\/04\/20260426_144406-1200x900.jpg 1200w\" sizes=\"auto, (max-width: 709px) 85vw, (max-width: 909px) 67vw, (max-width: 1362px) 62vw, 840px\" \/><\/figure>\n","protected":false},"excerpt":{"rendered":"<p>Am vergangenen Sonntag war es endlich soweit: Unsere 2. Mannschaft bekam in Person von Manfred Emrich und Hans Josef Westrich vom Saarl\u00e4ndischen Fu\u00dfballverband nach der errungenen Meisterschaft in der Kreisliga B Neunkirchen die \u201eSchale\u201c \u00fcberreicht. Unserem Team gelang es, alle Spiele der Saison zu gewinnen. Auch Emrich betonte: \u201eIch habe bereits einige Troph\u00e4en \u00fcbergeben, aber &hellip; <a href=\"https:\/\/sv-niederbexbach.de\/backline\/2026\/04\/27\/zweite-mannschaft-holt-den-sieg-und-erhaelt-die-schale\/\" class=\"more-link\"><span class=\"screen-reader-text\">\u201eZweite Mannschaft holt den Sieg und erh\u00e4lt die \u201eSchale\u201c\u201c<\/span> weiterlesen<\/a><\/p>\n","protected":false},"author":3,"featured_media":0,"comment_status":"open","ping_status":"open","sticky":false,"template":"","format":"standard","meta":{"footnotes":""},"categories":[1],"tags":[],"class_list":["post-3068","post","type-post","status-publish","format-standard","hentry","category-allgemein"],"_links":{"self":[{"href":"https:\/\/sv-niederbexbach.de\/backline\/wp-json\/wp\/v2\/posts\/3068","targetHints":{"allow":["GET"]}}],"collection":[{"href":"https:\/\/sv-niederbexbach.de\/backline\/wp-json\/wp\/v2\/posts"}],"about":[{"href":"https:\/\/sv-niederbexbach.de\/backline\/wp-json\/wp\/v2\/types\/post"}],"author":[{"embeddable":true,"href":"https:\/\/sv-niederbexbach.de\/backline\/wp-json\/wp\/v2\/users\/3"}],"replies":[{"embeddable":true,"href":"https:\/\/sv-niederbexbach.de\/backline\/wp-json\/wp\/v2\/comments?post=3068"}],"version-history":[{"count":1,"href":"https:\/\/sv-niederbexbach.de\/backline\/wp-json\/wp\/v2\/posts\/3068\/revisions"}],"predecessor-version":[{"id":3072,"href":"https:\/\/sv-niederbexbach.de\/backline\/wp-json\/wp\/v2\/posts\/3068\/revisions\/3072"}],"wp:attachment":[{"href":"https:\/\/sv-niederbexbach.de\/backline\/wp-json\/wp\/v2\/media?parent=3068"}],"wp:term":[{"taxonomy":"category","embeddable":true,"href":"https:\/\/sv-niederbexbach.de\/backline\/wp-json\/wp\/v2\/categories?post=3068"},{"taxonomy":"post_tag","embeddable":true,"href":"https:\/\/sv-niederbexbach.de\/backline\/wp-json\/wp\/v2\/tags?post=3068"}],"curies":[{"name":"wp","href":"https:\/\/api.w.org\/{rel}","templated":true}]}}