{"id":3175,"date":"2026-09-01T19:14:58","date_gmt":"2026-09-01T17:14:58","guid":{"rendered":"https:\/\/sv-niederbexbach.de\/backline\/?p=3175"},"modified":"2026-09-01T19:14:58","modified_gmt":"2026-09-01T17:14:58","slug":"pokal-thriller-im-derby","status":"publish","type":"post","link":"https:\/\/sv-niederbexbach.de\/backline\/2026\/09\/01\/pokal-thriller-im-derby\/","title":{"rendered":"POKAL-THRILLER IM DERBY!"},"content":{"rendered":"\n<p class=\"wp-block-paragraph\">Was f\u00fcr ein Fu\u00dfballabend! <img loading=\"lazy\" decoding=\"async\" height=\"16\" width=\"16\" alt=\"\ud83d\ude2e\u200d\ud83d\udca8\" src=\"https:\/\/static.xx.fbcdn.net\/images\/emoji.php\/v9\/tbd\/1\/16\/1f62e_200d_1f4a8.png\"><img loading=\"lazy\" decoding=\"async\" height=\"16\" width=\"16\" alt=\"\ud83d\udd25\" src=\"https:\/\/static.xx.fbcdn.net\/images\/emoji.php\/v9\/t50\/1\/16\/1f525.png\"> In einem spannenden und umk\u00e4mpften Derby gegen die SG Bexbach behalten wir am Ende die Nerven und ziehen nach einem dramatischen Elfmeterschie\u00dfen in die n\u00e4chste Runde des Pokals ein! <img loading=\"lazy\" decoding=\"async\" height=\"16\" width=\"16\" alt=\"\ud83d\udcaa\ud83c\udffc\" src=\"https:\/\/static.xx.fbcdn.net\/images\/emoji.php\/v9\/t68\/1\/16\/1f4aa_1f3fc.png\"><\/p>\n\n\n\n<p class=\"wp-block-paragraph\">Wir erwischten einen Traumstart: Bereits in der 4. Minute brachte Mo Diakit\u00e9 unsere Mannschaft mit 1:0 in F\u00fchrung. Danach unterliefen uns allerdings einige Fehler in der Defensive, die die SG Bexbach eiskalt ausnutzte und das Spiel innerhalb kurzer Zeit auf 1:3 drehte. Doch unsere M\u00e4nner gaben nicht auf. Kurz vor der Halbzeit verk\u00fcrzte Henri Weiss per Kopf auf 2:3. Und beinahe w\u00e4re sogar noch der Ausgleich vor dem Pausenpfiff gefallen \u2013 Rafael Fu\u00df setzte einen absoluten Kracher an die Latte! <img loading=\"lazy\" decoding=\"async\" height=\"16\" width=\"16\" src=\"https:\/\/static.xx.fbcdn.net\/images\/emoji.php\/v9\/t40\/1\/16\/1f4a5.png\" alt=\"\ud83d\udca5\"><\/p>\n\n\n\n<p class=\"wp-block-paragraph\">Nach der Pause erh\u00f6hte die SG zun\u00e4chst auf 2:4. Doch wer dachte, das Spiel sei damit entschieden, hatte die Rechnung ohne unsere Mannschaft gemacht. Mit einer starken Moral k\u00e4mpften wir uns zur\u00fcck und belohnten uns f\u00fcr unseren Einsatz: Kai Holtz verk\u00fcrzte auf 3:4, ehe Mirko Holzmayr in der 85. Minute tats\u00e4chlich den viel umjubelten 4:4-Ausgleich erzielte!Im anschlie\u00dfenden Elfmeterschie\u00dfen bewiesen unsere Jungs Nervenst\u00e4rke und blieben vorm Punkt eiskalt. Nach zahlreichen souver\u00e4n verwandelten Elfmetern verschossen unsere M\u00e4nner sowie die SG Bexbach jeweils einen. Es kam schlie\u00dflich auf den letzten Versuch an \u2013 und Jonas wurde zum Helden des Abends! Mit einer starken Parade hielt er den entscheidenden Elfmeter und machte damit den Weg f\u00fcr unseren Einzug in die n\u00e4chste Runde klar!Kurz darauf war der Jubel riesig: 11:10 im Elfmeterschie\u00dfen \u2013 DERBYSIEG UND EINE RUNDE WEITER! <img loading=\"lazy\" decoding=\"async\" height=\"16\" width=\"16\" src=\"https:\/\/static.xx.fbcdn.net\/images\/emoji.php\/v9\/t6c\/1\/16\/2764.png\" alt=\"\u2764\ufe0f\"><img loading=\"lazy\" decoding=\"async\" height=\"16\" width=\"16\" src=\"https:\/\/static.xx.fbcdn.net\/images\/emoji.php\/v9\/t15\/1\/16\/1f49b.png\" alt=\"\ud83d\udc9b\"><\/p>\n\n\n\n<figure class=\"wp-block-image size-large is-resized\"><img loading=\"lazy\" decoding=\"async\" width=\"473\" height=\"1024\" src=\"https:\/\/sv-niederbexbach.de\/backline\/wp-content\/uploads\/2026\/09\/IMG-20260827-WA0006-473x1024.jpg\" alt=\"\" class=\"wp-image-3176\" style=\"width:443px;height:auto\" srcset=\"https:\/\/sv-niederbexbach.de\/backline\/wp-content\/uploads\/2026\/09\/IMG-20260827-WA0006-473x1024.jpg 473w, https:\/\/sv-niederbexbach.de\/backline\/wp-content\/uploads\/2026\/09\/IMG-20260827-WA0006-138x300.jpg 138w, https:\/\/sv-niederbexbach.de\/backline\/wp-content\/uploads\/2026\/09\/IMG-20260827-WA0006-768x1664.jpg 768w, https:\/\/sv-niederbexbach.de\/backline\/wp-content\/uploads\/2026\/09\/IMG-20260827-WA0006-709x1536.jpg 709w, https:\/\/sv-niederbexbach.de\/backline\/wp-content\/uploads\/2026\/09\/IMG-20260827-WA0006.jpg 945w\" sizes=\"auto, (max-width: 473px) 85vw, 473px\" \/><figcaption class=\"wp-element-caption\"><strong><sup>In einem packenden Pokalkracher gegen die SG Bexbach musste Pascal Staats oft ans Limit gehen und auch einige Schmerzen in Kauf nehmen. Foto: Hannah Flickinger<\/sup><\/strong><\/figcaption><\/figure>\n\n\n\n<p class=\"wp-block-paragraph\"><strong>Weiter geht\u2019s am 9.September in der n\u00e4chsten Pokalrunde. Der Gegner ist um 19 Uhr (RTE-Arena) die FSG Parr Altheim.<\/strong><\/p>\n\n\n\n<p class=\"wp-block-paragraph\">Danke an alle, die uns vorgestern Abend unterst\u00fctzt und dieses Derby zu so einem besonderen Fu\u00dfballabend gemacht haben!<\/p>\n","protected":false},"excerpt":{"rendered":"<p>Was f\u00fcr ein Fu\u00dfballabend! In einem spannenden und umk\u00e4mpften Derby gegen die SG Bexbach behalten wir am Ende die Nerven und ziehen nach einem dramatischen Elfmeterschie\u00dfen in die n\u00e4chste Runde des Pokals ein! Wir erwischten einen Traumstart: Bereits in der 4. Minute brachte Mo Diakit\u00e9 unsere Mannschaft mit 1:0 in F\u00fchrung. Danach unterliefen uns allerdings &hellip; <a href=\"https:\/\/sv-niederbexbach.de\/backline\/2026\/09\/01\/pokal-thriller-im-derby\/\" class=\"more-link\"><span class=\"screen-reader-text\">\u201ePOKAL-THRILLER IM DERBY!\u201c <\/span>weiterlesen<\/a><\/p>\n","protected":false},"author":3,"featured_media":0,"comment_status":"open","ping_status":"open","sticky":false,"template":"","format":"standard","meta":{"footnotes":""},"categories":[1],"tags":[],"class_list":["post-3175","post","type-post","status-publish","format-standard","hentry","category-allgemein"],"_links":{"self":[{"href":"https:\/\/sv-niederbexbach.de\/backline\/wp-json\/wp\/v2\/posts\/3175","targetHints":{"allow":["GET"]}}],"collection":[{"href":"https:\/\/sv-niederbexbach.de\/backline\/wp-json\/wp\/v2\/posts"}],"about":[{"href":"https:\/\/sv-niederbexbach.de\/backline\/wp-json\/wp\/v2\/types\/post"}],"author":[{"embeddable":true,"href":"https:\/\/sv-niederbexbach.de\/backline\/wp-json\/wp\/v2\/users\/3"}],"replies":[{"embeddable":true,"href":"https:\/\/sv-niederbexbach.de\/backline\/wp-json\/wp\/v2\/comments?post=3175"}],"version-history":[{"count":1,"href":"https:\/\/sv-niederbexbach.de\/backline\/wp-json\/wp\/v2\/posts\/3175\/revisions"}],"predecessor-version":[{"id":3177,"href":"https:\/\/sv-niederbexbach.de\/backline\/wp-json\/wp\/v2\/posts\/3175\/revisions\/3177"}],"wp:attachment":[{"href":"https:\/\/sv-niederbexbach.de\/backline\/wp-json\/wp\/v2\/media?parent=3175"}],"wp:term":[{"taxonomy":"category","embeddable":true,"href":"https:\/\/sv-niederbexbach.de\/backline\/wp-json\/wp\/v2\/categories?post=3175"},{"taxonomy":"post_tag","embeddable":true,"href":"https:\/\/sv-niederbexbach.de\/backline\/wp-json\/wp\/v2\/tags?post=3175"}],"curies":[{"name":"wp","href":"https:\/\/api.w.org\/{rel}","templated":true}]}}