{"id":451,"date":"2018-10-30T19:29:30","date_gmt":"2018-10-30T18:29:30","guid":{"rendered":"http:\/\/sv-niederbexbach.de\/backline\/?p=451"},"modified":"2018-10-30T19:30:03","modified_gmt":"2018-10-30T18:30:03","slug":"helferfest-gefeiert","status":"publish","type":"post","link":"https:\/\/sv-niederbexbach.de\/backline\/2018\/10\/30\/helferfest-gefeiert\/","title":{"rendered":"Helferfest gefeiert"},"content":{"rendered":"<p>Vorletzten Sonntag war das gesamte Organisationsteam des Projekts &#8222;Rasenplatz&#8220; bei Peter Fell im B\u00fcrgerzentrum in Frankenholz zu Gast. Bei gutem Essen und einem Kaltgetr\u00e4nk verbrachte man ein paar sch\u00f6ne Stunden beim immer hilf- und einfallsreichen Gastwirt aus Frankenholz.<\/p>\n<p>Ein gro\u00dfes DANKE sprach J\u00f6rg Imbsweiler ALLEN Helfern und Organisatoren des Jubil\u00e4umssportfestes aus. Ohne diese w\u00e4re die Sportwerbewoche so nicht m\u00f6glich gewesen. Auch den Ehefrauen dankte J\u00f6rg, da diese in den Wochen der langen Vorbereitung oft auf ihre Partner &#8222;verzichten&#8220; mussten.<\/p>\n<p>Nochmals Danke an Peter Fell f\u00fcr die gro\u00dfartige Bewirtung an unserer Rasenplatzeinweihung! Es hat Spa\u00df gemacht! <span class=\"_47e3 _5mfr\" title=\"\u201esmile\u201c-Emoticon\"><img loading=\"lazy\" decoding=\"async\" class=\"img\" role=\"presentation\" src=\"https:\/\/static.xx.fbcdn.net\/images\/emoji.php\/v9\/f4c\/1\/16\/1f642.png\" alt=\"\" width=\"16\" height=\"16\" \/><\/span><\/p>\n<p><img loading=\"lazy\" decoding=\"async\" class=\"aligncenter wp-image-452 size-large\" src=\"http:\/\/sv-niederbexbach.de\/backline\/wp-content\/uploads\/2018\/10\/20181021_180919-e1540924148227-576x1024.jpg\" alt=\"\" width=\"576\" height=\"1024\" srcset=\"https:\/\/sv-niederbexbach.de\/backline\/wp-content\/uploads\/2018\/10\/20181021_180919-e1540924148227-576x1024.jpg 576w, https:\/\/sv-niederbexbach.de\/backline\/wp-content\/uploads\/2018\/10\/20181021_180919-e1540924148227-169x300.jpg 169w, https:\/\/sv-niederbexbach.de\/backline\/wp-content\/uploads\/2018\/10\/20181021_180919-e1540924148227-768x1365.jpg 768w, https:\/\/sv-niederbexbach.de\/backline\/wp-content\/uploads\/2018\/10\/20181021_180919-e1540924148227-1200x2133.jpg 1200w, https:\/\/sv-niederbexbach.de\/backline\/wp-content\/uploads\/2018\/10\/20181021_180919-e1540924148227.jpg 1836w\" sizes=\"auto, (max-width: 576px) 85vw, 576px\" \/><\/p>\n<p>&nbsp;<\/p>\n","protected":false},"excerpt":{"rendered":"<p>Vorletzten Sonntag war das gesamte Organisationsteam des Projekts &#8222;Rasenplatz&#8220; bei Peter Fell im B\u00fcrgerzentrum in Frankenholz zu Gast. Bei gutem Essen und einem Kaltgetr\u00e4nk verbrachte man ein paar sch\u00f6ne Stunden beim immer hilf- und einfallsreichen Gastwirt aus Frankenholz. Ein gro\u00dfes DANKE sprach J\u00f6rg Imbsweiler ALLEN Helfern und Organisatoren des Jubil\u00e4umssportfestes aus. Ohne diese w\u00e4re die &hellip; <a href=\"https:\/\/sv-niederbexbach.de\/backline\/2018\/10\/30\/helferfest-gefeiert\/\" class=\"more-link\"><span class=\"screen-reader-text\">\u201eHelferfest gefeiert\u201c<\/span> weiterlesen<\/a><\/p>\n","protected":false},"author":3,"featured_media":0,"comment_status":"open","ping_status":"open","sticky":false,"template":"","format":"standard","meta":{"footnotes":""},"categories":[1],"tags":[],"class_list":["post-451","post","type-post","status-publish","format-standard","hentry","category-allgemein"],"_links":{"self":[{"href":"https:\/\/sv-niederbexbach.de\/backline\/wp-json\/wp\/v2\/posts\/451","targetHints":{"allow":["GET"]}}],"collection":[{"href":"https:\/\/sv-niederbexbach.de\/backline\/wp-json\/wp\/v2\/posts"}],"about":[{"href":"https:\/\/sv-niederbexbach.de\/backline\/wp-json\/wp\/v2\/types\/post"}],"author":[{"embeddable":true,"href":"https:\/\/sv-niederbexbach.de\/backline\/wp-json\/wp\/v2\/users\/3"}],"replies":[{"embeddable":true,"href":"https:\/\/sv-niederbexbach.de\/backline\/wp-json\/wp\/v2\/comments?post=451"}],"version-history":[{"count":2,"href":"https:\/\/sv-niederbexbach.de\/backline\/wp-json\/wp\/v2\/posts\/451\/revisions"}],"predecessor-version":[{"id":454,"href":"https:\/\/sv-niederbexbach.de\/backline\/wp-json\/wp\/v2\/posts\/451\/revisions\/454"}],"wp:attachment":[{"href":"https:\/\/sv-niederbexbach.de\/backline\/wp-json\/wp\/v2\/media?parent=451"}],"wp:term":[{"taxonomy":"category","embeddable":true,"href":"https:\/\/sv-niederbexbach.de\/backline\/wp-json\/wp\/v2\/categories?post=451"},{"taxonomy":"post_tag","embeddable":true,"href":"https:\/\/sv-niederbexbach.de\/backline\/wp-json\/wp\/v2\/tags?post=451"}],"curies":[{"name":"wp","href":"https:\/\/api.w.org\/{rel}","templated":true}]}}