{"id":744,"date":"2019-07-17T23:18:40","date_gmt":"2019-07-17T21:18:40","guid":{"rendered":"http:\/\/sv-niederbexbach.de\/backline\/?p=744"},"modified":"2019-07-17T23:19:03","modified_gmt":"2019-07-17T21:19:03","slug":"svn-sichert-sich-stadtmeistertitel-2019","status":"publish","type":"post","link":"https:\/\/sv-niederbexbach.de\/backline\/2019\/07\/17\/svn-sichert-sich-stadtmeistertitel-2019\/","title":{"rendered":"SVN sichert sich Stadtmeistertitel 2019!!"},"content":{"rendered":"\n<p>Gro\u00dfer Jubel herrschte am Montagabend auf dem Sportplatz des SV Bexbach. Nachdem Kapit\u00e4n Marius Homberg den Siegerpokal in die H\u00f6he streckte, gab es kein Halten mehr und die Gratulationen standen an. Der SVN sicherte sich mit einem 2:1 gegen den SV H\u00f6chen den Stadtmeistertitel 2019! <strong>Herzlichen Gl\u00fcckwunsch Jungs zu diesem Erfolg!<\/strong><\/p>\n\n\n\n<figure class=\"wp-block-image is-resized\"><img loading=\"lazy\" decoding=\"async\" src=\"https:\/\/sv-niederbexbach.de\/backline\/wp-content\/uploads\/2019\/07\/P2200616-2-920x690.jpg\" alt=\"\" class=\"wp-image-745\" width=\"801\" height=\"601\" srcset=\"https:\/\/sv-niederbexbach.de\/backline\/wp-content\/uploads\/2019\/07\/P2200616-2-920x690.jpg 920w, https:\/\/sv-niederbexbach.de\/backline\/wp-content\/uploads\/2019\/07\/P2200616-2-300x225.jpg 300w, https:\/\/sv-niederbexbach.de\/backline\/wp-content\/uploads\/2019\/07\/P2200616-2-768x576.jpg 768w, https:\/\/sv-niederbexbach.de\/backline\/wp-content\/uploads\/2019\/07\/P2200616-2-1200x900.jpg 1200w\" sizes=\"auto, (max-width: 709px) 85vw, (max-width: 909px) 67vw, (max-width: 984px) 61vw, (max-width: 1362px) 45vw, 600px\" \/><figcaption>Die neuen Stadtmeister bei der Siegerehrung!       Foto: Stefan Holzhauser                       <\/figcaption><\/figure>\n\n\n\n<p>Doch der Titel war schwere Arbeit. Das Team von Dirk Lang startete besser, kam in der 15. Minute fast zum 1:0, Nico Hadamek und Tobias Gerwald konnten jedoch nicht einnetzen. Eine Minute sp\u00e4ter zog Marc Rohde flach ab, die Kugel sprang an den Pfosten und von dort an den Keeper ins Tor. Ein ungl\u00fccklicher Gegentreffer f\u00fcr den SVH. In der Folge erarbeitet sich H\u00f6chen mehr Spielanteile, konnte aber vor dem Tor nicht erfolgsversprechend abschlie\u00dfen. Nach \u00fcber einer halben Stunde stand es pl\u00f6tzlich 1:1. Patrick Fohr zog an der Strafraumgrenze ab, Timo Bl\u00e4sius f\u00e4lschte den Ball unhaltbar ab (31.). In der zweiten Halbzeit schaltete der SVN phasenweise einen Gang zur\u00fcck und lie\u00df H\u00f6chen in Kontersituationen immer wieder vors Geh\u00e4use von Julian Kerner kommen. Doch auch hier fehlte dem Team von Ex-SVN&#8217;ler Daniel Collissy die Kaltschn\u00e4uzigkeit. Als alle schon mit einem Elfmeterschie\u00dfen rechneten, kam Marc Rohde im Strafraum an den Ball, schloss ab und wurde danach von Keeper Eric Jung gelegt. Der Ball trudelte am Tor vorbei und der Schiri entschied auf Strafsto\u00df. Diesen lie\u00df sich Marius Homberg nicht mehr nehmen (82.). Gegen Ende der Partie warf H\u00f6chen alles nach Vorne und hatte durchaus noch die Chance auf den Ausgleich. Nach dem Ende des Spiels muss man festhalten, dass der SVN nicht seine beste Leistung zeigen konnte, H\u00f6chen jedoch spielerisch nicht auf Augenh\u00f6he war, jedoch einen starken Kampf zeigte und vielleicht ein Elfmeterschie\u00dfen verdient gehabt h\u00e4tte. Auf Grund der ersten Halbzeit ein nicht unverdienter Sieg unseres Teams. <\/p>\n\n\n\n<p>F\u00fcr unsere Leser noch der Artikel der Saarbr\u00fccker Zeitung vom 17.07.2019:<\/p>\n\n\n\n<figure class=\"wp-block-image is-resized\"><img loading=\"lazy\" decoding=\"async\" src=\"https:\/\/sv-niederbexbach.de\/backline\/wp-content\/uploads\/2019\/07\/SnipImage-920x571.jpg\" alt=\"\" class=\"wp-image-746\" width=\"910\" height=\"565\" srcset=\"https:\/\/sv-niederbexbach.de\/backline\/wp-content\/uploads\/2019\/07\/SnipImage-920x571.jpg 920w, https:\/\/sv-niederbexbach.de\/backline\/wp-content\/uploads\/2019\/07\/SnipImage-300x186.jpg 300w, https:\/\/sv-niederbexbach.de\/backline\/wp-content\/uploads\/2019\/07\/SnipImage-768x477.jpg 768w, https:\/\/sv-niederbexbach.de\/backline\/wp-content\/uploads\/2019\/07\/SnipImage.jpg 1177w\" sizes=\"auto, (max-width: 709px) 85vw, (max-width: 909px) 67vw, (max-width: 1362px) 62vw, 840px\" \/><figcaption>Quelle: Saarbr\u00fccker Zeitung vom 17.07.19 (Stefan Holzhauser)<\/figcaption><\/figure>\n","protected":false},"excerpt":{"rendered":"<p>Gro\u00dfer Jubel herrschte am Montagabend auf dem Sportplatz des SV Bexbach. Nachdem Kapit\u00e4n Marius Homberg den Siegerpokal in die H\u00f6he streckte, gab es kein Halten mehr und die Gratulationen standen an. Der SVN sicherte sich mit einem 2:1 gegen den SV H\u00f6chen den Stadtmeistertitel 2019! Herzlichen Gl\u00fcckwunsch Jungs zu diesem Erfolg! Doch der Titel war &hellip; <a href=\"https:\/\/sv-niederbexbach.de\/backline\/2019\/07\/17\/svn-sichert-sich-stadtmeistertitel-2019\/\" class=\"more-link\"><span class=\"screen-reader-text\">\u201eSVN sichert sich Stadtmeistertitel 2019!!\u201c<\/span> weiterlesen<\/a><\/p>\n","protected":false},"author":3,"featured_media":0,"comment_status":"open","ping_status":"open","sticky":false,"template":"","format":"standard","meta":{"footnotes":""},"categories":[1],"tags":[],"class_list":["post-744","post","type-post","status-publish","format-standard","hentry","category-allgemein"],"_links":{"self":[{"href":"https:\/\/sv-niederbexbach.de\/backline\/wp-json\/wp\/v2\/posts\/744","targetHints":{"allow":["GET"]}}],"collection":[{"href":"https:\/\/sv-niederbexbach.de\/backline\/wp-json\/wp\/v2\/posts"}],"about":[{"href":"https:\/\/sv-niederbexbach.de\/backline\/wp-json\/wp\/v2\/types\/post"}],"author":[{"embeddable":true,"href":"https:\/\/sv-niederbexbach.de\/backline\/wp-json\/wp\/v2\/users\/3"}],"replies":[{"embeddable":true,"href":"https:\/\/sv-niederbexbach.de\/backline\/wp-json\/wp\/v2\/comments?post=744"}],"version-history":[{"count":2,"href":"https:\/\/sv-niederbexbach.de\/backline\/wp-json\/wp\/v2\/posts\/744\/revisions"}],"predecessor-version":[{"id":748,"href":"https:\/\/sv-niederbexbach.de\/backline\/wp-json\/wp\/v2\/posts\/744\/revisions\/748"}],"wp:attachment":[{"href":"https:\/\/sv-niederbexbach.de\/backline\/wp-json\/wp\/v2\/media?parent=744"}],"wp:term":[{"taxonomy":"category","embeddable":true,"href":"https:\/\/sv-niederbexbach.de\/backline\/wp-json\/wp\/v2\/categories?post=744"},{"taxonomy":"post_tag","embeddable":true,"href":"https:\/\/sv-niederbexbach.de\/backline\/wp-json\/wp\/v2\/tags?post=744"}],"curies":[{"name":"wp","href":"https:\/\/api.w.org\/{rel}","templated":true}]}}