{"id":854,"date":"2019-11-04T18:24:53","date_gmt":"2019-11-04T17:24:53","guid":{"rendered":"https:\/\/sv-niederbexbach.de\/backline\/?p=854"},"modified":"2019-11-04T18:24:53","modified_gmt":"2019-11-04T17:24:53","slug":"svn-holt-drei-punkte-nach-fuehrung-und-rueckstand","status":"publish","type":"post","link":"https:\/\/sv-niederbexbach.de\/backline\/2019\/11\/04\/svn-holt-drei-punkte-nach-fuehrung-und-rueckstand\/","title":{"rendered":"SVN holt drei Punkte nach F\u00fchrung und R\u00fcckstand"},"content":{"rendered":"\n<p>Der SV Niederbexbach war am Sonntag zur schweren  Aufgabe ausw\u00e4rts beim SV Oberw\u00fcrzbach angereist. Sinisa Popadic fehlte  in der Innenverteidigung, daf\u00fcr konnte Trainer Lang wieder auf Dennis  Knapp, Pascal Staats, Daniel K\u00fcster und Torj\u00e4ger  Dominik Backes zur\u00fcckgreifen, der jedoch erst einmal auf der Bank Platz  nahm. Mittelfeldmotor Pascal Staats konnte den SVN zun\u00e4chst  mit 0:1 in F\u00fchrung bringen (38.). Es ging ein klarer Torwartfehler voraus, denn eine Kopfballhereingabe von Marc Rohde wurde vom Torwartnach vorne abgeklatscht und Staats schob ein. Oberw\u00fcrzbach steckte nicht auf und kam  drei Minuten sp\u00e4ter durch Kevin Hoffmann zum  1:1 (41.). In der Pause merkte man dem Coach und den Spielern an, dass Sie nicht zufrieden waren. Man fand keine klare Linie und kein Konzept, um den Gegner vor Probleme zu stellen. Nach dem Seitenwechsel hatte der SVO eine gute Phase, aus  der auch der F\u00fchrungstreffer durch Julian Martin resultierte (60.).  Unsere Jungs zeigten dann aber eine gute letzte halbe Stunde und drehten die Partie noch in einen nicht unverdienten  2:3-Arbeitssieg. Die Tore erzielten Marc Rohde (65.) und Nico Hadamek  (78.). Ein enorm wichtiger Sieg f\u00fcr den SVN, da viele direkte  Konkurrenten auch punkten konnten. <\/p>\n\n\n\n<p>Am Samstag stehen die Kerwespiele auf  dem Programm. Die 2. Mannschaft beginnt ihre Kerb  um 16:15 Uhr mit dem Spiel gegen die Reserve des TUS Rentrisch. Die 1.  Mannschaft spielt dann um 18 Uhr gegen die Erste der Rentrischer. <\/p>\n\n\n\n<p><strong>Der  SVN hofft auf viele Fans und Unterst\u00fctzung in der RTE-Arena. <\/strong><\/p>\n","protected":false},"excerpt":{"rendered":"<p>Der SV Niederbexbach war am Sonntag zur schweren Aufgabe ausw\u00e4rts beim SV Oberw\u00fcrzbach angereist. Sinisa Popadic fehlte in der Innenverteidigung, daf\u00fcr konnte Trainer Lang wieder auf Dennis Knapp, Pascal Staats, Daniel K\u00fcster und Torj\u00e4ger Dominik Backes zur\u00fcckgreifen, der jedoch erst einmal auf der Bank Platz nahm. Mittelfeldmotor Pascal Staats konnte den SVN zun\u00e4chst mit 0:1 &hellip; <a href=\"https:\/\/sv-niederbexbach.de\/backline\/2019\/11\/04\/svn-holt-drei-punkte-nach-fuehrung-und-rueckstand\/\" class=\"more-link\"><span class=\"screen-reader-text\">\u201eSVN holt drei Punkte nach F\u00fchrung und R\u00fcckstand\u201c<\/span> weiterlesen<\/a><\/p>\n","protected":false},"author":3,"featured_media":0,"comment_status":"open","ping_status":"open","sticky":false,"template":"","format":"standard","meta":{"footnotes":""},"categories":[1],"tags":[],"class_list":["post-854","post","type-post","status-publish","format-standard","hentry","category-allgemein"],"_links":{"self":[{"href":"https:\/\/sv-niederbexbach.de\/backline\/wp-json\/wp\/v2\/posts\/854","targetHints":{"allow":["GET"]}}],"collection":[{"href":"https:\/\/sv-niederbexbach.de\/backline\/wp-json\/wp\/v2\/posts"}],"about":[{"href":"https:\/\/sv-niederbexbach.de\/backline\/wp-json\/wp\/v2\/types\/post"}],"author":[{"embeddable":true,"href":"https:\/\/sv-niederbexbach.de\/backline\/wp-json\/wp\/v2\/users\/3"}],"replies":[{"embeddable":true,"href":"https:\/\/sv-niederbexbach.de\/backline\/wp-json\/wp\/v2\/comments?post=854"}],"version-history":[{"count":1,"href":"https:\/\/sv-niederbexbach.de\/backline\/wp-json\/wp\/v2\/posts\/854\/revisions"}],"predecessor-version":[{"id":855,"href":"https:\/\/sv-niederbexbach.de\/backline\/wp-json\/wp\/v2\/posts\/854\/revisions\/855"}],"wp:attachment":[{"href":"https:\/\/sv-niederbexbach.de\/backline\/wp-json\/wp\/v2\/media?parent=854"}],"wp:term":[{"taxonomy":"category","embeddable":true,"href":"https:\/\/sv-niederbexbach.de\/backline\/wp-json\/wp\/v2\/categories?post=854"},{"taxonomy":"post_tag","embeddable":true,"href":"https:\/\/sv-niederbexbach.de\/backline\/wp-json\/wp\/v2\/tags?post=854"}],"curies":[{"name":"wp","href":"https:\/\/api.w.org\/{rel}","templated":true}]}}