{"id":856,"date":"2019-11-04T19:12:23","date_gmt":"2019-11-04T18:12:23","guid":{"rendered":"https:\/\/sv-niederbexbach.de\/backline\/?p=856"},"modified":"2019-11-04T19:12:23","modified_gmt":"2019-11-04T18:12:23","slug":"kerb-beim-sv-niederbexbach","status":"publish","type":"post","link":"https:\/\/sv-niederbexbach.de\/backline\/2019\/11\/04\/kerb-beim-sv-niederbexbach\/","title":{"rendered":"Kerb beim SV Niederbexbach"},"content":{"rendered":"\n<p>Die weit \u00fcber die Stadtgrenzen bekannte  Martini-Kerb in Niederbexbach steht wieder einmal vor der T\u00fcr. Vom 9.  Bis 11. November steht der kleine Bexbacher Stadtteil wieder Kopf. Auch  beim SV Niederbexbach bereitet man sich schon auf das  Kerwetreiben vor. Haupttag ist der Kerwesamstag mit den Spielen der  aktiven Mannschaften gegen TUS Rentrisch. Die Partien sind wie folgt  terminiert: Der SVN II beginnt um 16 Uhr, der SVN I k\u00e4mpft danach ab 18  Uhr um Punkte. Im Anschluss steht der Kerwetanz  im Sportheim auf dem Programm. Nach den beiden Spielen heizt DJ Chris  Breit das Publikum mit Hits aus allen Musikepochen ein. Am Kerwesonntag  zieht die Straussjugend mit dem bunt geschm\u00fcckten Kerwestrau\u00df durch den  Ort, bevor um 15 Uhr die Kerweredd von Kerwepfarrerin  Selina Schleppi einige kuriose Geschichten aus dem Dorf bereit h\u00e4lt. Im  Anschluss folgt im Gasthaus zur Eiche der Kerwetanz mit Live-Musik und  Sektbar. Das Sportheim ist sonntags geschlossen. Am Kerwemontag steht  der traditionelle Fr\u00fchschoppen der Niederbexbacher  Wirte an. Das Sportheim \u00f6ffnet seine T\u00fcren gegen 10 Uhr. Wer eine  Kleinigkeit essen m\u00f6chte wird gebeten, sich in die Liste im Sportheim  einzutragen. Der SVN freut sich auf viele Besucher bei \u201ede  Niererbetschbacher Kerb\u201c 2019. <\/p>\n\n\n\n<figure class=\"wp-block-image is-resized\"><img loading=\"lazy\" decoding=\"async\" src=\"https:\/\/sv-niederbexbach.de\/backline\/wp-content\/uploads\/2019\/11\/plakat-kerb-19.png\" alt=\"\" class=\"wp-image-857\" width=\"603\" height=\"793\" srcset=\"https:\/\/sv-niederbexbach.de\/backline\/wp-content\/uploads\/2019\/11\/plakat-kerb-19.png 456w, https:\/\/sv-niederbexbach.de\/backline\/wp-content\/uploads\/2019\/11\/plakat-kerb-19-228x300.png 228w\" sizes=\"auto, (max-width: 709px) 85vw, (max-width: 909px) 67vw, (max-width: 984px) 61vw, (max-width: 1362px) 45vw, 600px\" \/><\/figure>\n","protected":false},"excerpt":{"rendered":"<p>Die weit \u00fcber die Stadtgrenzen bekannte Martini-Kerb in Niederbexbach steht wieder einmal vor der T\u00fcr. Vom 9. Bis 11. November steht der kleine Bexbacher Stadtteil wieder Kopf. Auch beim SV Niederbexbach bereitet man sich schon auf das Kerwetreiben vor. Haupttag ist der Kerwesamstag mit den Spielen der aktiven Mannschaften gegen TUS Rentrisch. Die Partien sind &hellip; <a href=\"https:\/\/sv-niederbexbach.de\/backline\/2019\/11\/04\/kerb-beim-sv-niederbexbach\/\" class=\"more-link\"><span class=\"screen-reader-text\">\u201eKerb beim SV Niederbexbach\u201c<\/span> weiterlesen<\/a><\/p>\n","protected":false},"author":3,"featured_media":0,"comment_status":"open","ping_status":"open","sticky":false,"template":"","format":"standard","meta":{"footnotes":""},"categories":[1],"tags":[],"class_list":["post-856","post","type-post","status-publish","format-standard","hentry","category-allgemein"],"_links":{"self":[{"href":"https:\/\/sv-niederbexbach.de\/backline\/wp-json\/wp\/v2\/posts\/856","targetHints":{"allow":["GET"]}}],"collection":[{"href":"https:\/\/sv-niederbexbach.de\/backline\/wp-json\/wp\/v2\/posts"}],"about":[{"href":"https:\/\/sv-niederbexbach.de\/backline\/wp-json\/wp\/v2\/types\/post"}],"author":[{"embeddable":true,"href":"https:\/\/sv-niederbexbach.de\/backline\/wp-json\/wp\/v2\/users\/3"}],"replies":[{"embeddable":true,"href":"https:\/\/sv-niederbexbach.de\/backline\/wp-json\/wp\/v2\/comments?post=856"}],"version-history":[{"count":1,"href":"https:\/\/sv-niederbexbach.de\/backline\/wp-json\/wp\/v2\/posts\/856\/revisions"}],"predecessor-version":[{"id":858,"href":"https:\/\/sv-niederbexbach.de\/backline\/wp-json\/wp\/v2\/posts\/856\/revisions\/858"}],"wp:attachment":[{"href":"https:\/\/sv-niederbexbach.de\/backline\/wp-json\/wp\/v2\/media?parent=856"}],"wp:term":[{"taxonomy":"category","embeddable":true,"href":"https:\/\/sv-niederbexbach.de\/backline\/wp-json\/wp\/v2\/categories?post=856"},{"taxonomy":"post_tag","embeddable":true,"href":"https:\/\/sv-niederbexbach.de\/backline\/wp-json\/wp\/v2\/tags?post=856"}],"curies":[{"name":"wp","href":"https:\/\/api.w.org\/{rel}","templated":true}]}}